{"id":10001,"date":"2024-10-01T12:44:41","date_gmt":"2024-10-01T19:44:41","guid":{"rendered":"https:\/\/crucialnuevaepoca.com\/web\/?p=10001"},"modified":"2024-10-01T12:44:42","modified_gmt":"2024-10-01T19:44:42","slug":"claudia-sheinbaum-primera-presidenta-de-mexico-rinde-protesta-para-2024-2030","status":"publish","type":"post","link":"https:\/\/crucialnuevaepoca.com\/web\/2024\/10\/01\/claudia-sheinbaum-primera-presidenta-de-mexico-rinde-protesta-para-2024-2030\/","title":{"rendered":"Claudia Sheinbaum, primera presidenta de M\u00e9xico: rinde protesta para 2024-2030"},"content":{"rendered":"\n<p>Claudia Sheinbaum Pardo rindi\u00f3 protesta este 1 de octubre como la primera presidenta de M\u00e9xico para la administraci\u00f3n 2024-2030.<\/p>\n\n\n\n<p>Al filo de las 11:30 de la ma\u00f1ana, teniendo como marco un Congreso de la Uni\u00f3n en el que domina Morena y sus aliados, Sheinbaum Pardo recibi\u00f3 la banda presidencial de las manos de Ifigenia Mart\u00ednez, la presidenta de la Mesa Directiva de la C\u00e1mara de Diputados.<\/p>\n\n\n\n<p>Con ello, Claudia Sheinbaum releva a Andr\u00e9s Manuel L\u00f3pez Obrador, quien fue el presidente constitucional de 2018 a 2024 luego de llegar al Poder Ejecutivo en su tercer intento.<\/p>\n\n\n\n<p>\u00abHonorable Congreso de la Uni\u00f3n, Suprema Corte de Justicia de la Naci\u00f3n, gobernadoras y gobernadores, jefe de gobierno, invitadas e invitados especiales. Saludo y agradezco la presencia de las representaciones de 105 pa\u00edses que hoy nos acompa\u00f1an, es un reflejo del compromiso de M\u00e9xico con la comunidad internacional\u00bb, fueron sus primeras palabras luego de rendir protesta.<\/p>\n\n\n\n<p>Sheinbaum Pardo procedi\u00f3 a recordar el discurso que dio Andr\u00e9s Manuel L\u00f3pez Obrador cuando enfrentaba el desafuero en 2004 en la C\u00e1mara de Diputados, misma sede donde hoy rindi\u00f3 protesta como la primera presidenta constitucional de M\u00e9xico.<\/p>\n\n\n\n<p>\u00abUstedes me van a juzgar pero no olviden que todav\u00eda falta que a ustedes y a m\u00ed nos juzgue la historia\u00bb, replic\u00f3 al frente del Pleno.<\/p>\n\n\n\n<p>\u00abLo decimos con certeza y sin temor a equivocarnos, la historia y el pueblo lo ha juzgado. Andr\u00e9s Manuel L\u00f3pez Obrador, uno de los grandes, el dirigente pol\u00edtico y luchador social m\u00e1s importante de la historia moderna. El presidente m\u00e1s querido, s\u00f3lo comparable con L\u00e1zaro C\u00e1rdenas, el que inici\u00f3 y termina su mandato con m\u00e1s amor de su pueblo, para millones aunque a \u00e9l no le gusta que se lo digan, el mejor presidente de M\u00e9xico\u00bb, agreg\u00f3.<\/p>\n\n\n\n<p>Al referirse a los logros que consider\u00f3, se realizaron durante la administraci\u00f3n de Andr\u00e9s Manuel L\u00f3pez Obrador, como la disminuci\u00f3n de la pobreza y la reducci\u00f3n de las desigualdades, a\u00f1adi\u00f3: acept\u00e9moslo, a todas y todos les ha ido mejor.<\/p>\n\n\n\n<figure class=\"wp-block-image size-full\"><img fetchpriority=\"high\" decoding=\"async\" width=\"850\" height=\"566\" src=\"http:\/\/crucialnuevaepoca.com\/web\/wp-content\/uploads\/2024\/10\/21.jpg\" alt=\"\" class=\"wp-image-10003\" srcset=\"https:\/\/crucialnuevaepoca.com\/web\/wp-content\/uploads\/2024\/10\/21.jpg 850w, https:\/\/crucialnuevaepoca.com\/web\/wp-content\/uploads\/2024\/10\/21-300x200.jpg 300w, https:\/\/crucialnuevaepoca.com\/web\/wp-content\/uploads\/2024\/10\/21-768x511.jpg 768w\" sizes=\"(max-width: 850px) 100vw, 850px\" \/><\/figure>\n\n\n\n<p>Durante su discurso tambi\u00e9n retom\u00f3 frases que fueron caracter\u00edsticas del gobierno del presidente saliente L\u00f3pez Obrador, como \u00abpor el bien de todos, primero los pobres\u00bb y \u00abcon el pueblo todo, sin el pueblo nada\u00bb.<\/p>\n\n\n\n<p>Del mismo modo, tambi\u00e9n prometi\u00f3 mantener la autonom\u00eda del Banco de M\u00e9xico y promover la inversi\u00f3n p\u00fablica y privada: \u00abtengan la certeza de que las inversiones de accionistas nacionales y extranjeros estar\u00e1n seguras en nuestro pa\u00eds\u00bb, dijo.<\/p>\n\n\n\n<p>En su primer discurso como presidenta de M\u00e9xico, Claudia Sheinbaum prometi\u00f3 garantizar el respeto de los derechos humanos, entre ellos la libertad de expresi\u00f3n y manifestaci\u00f3n.<\/p>\n\n\n\n<p>\u201cEn nuestro gobierno garantizamos todas las libertades, la de expresi\u00f3n, de prensa, de reuni\u00f3n, de movilizaci\u00f3n. La libertad es un principio democr\u00e1tico y nosotros somos dem\u00f3cratas, se respetaran los derechos y nunca usaremos la fuerza del Estado para reprimir al pueblo\u201d, dijo.<\/p>\n\n\n\n<p>Seguido de ello, asegur\u00f3 que durante su administraci\u00f3n no se aumentar\u00e1 el precio de las gasolinas ni de la electricidad, as\u00ed como aprovechar la relaci\u00f3n que tiene M\u00e9xico con Estados Unidos y Canad\u00e1 \u00abmientras se promueve el desarrollo regional con cuidado al medio ambiente\u00bb.<\/p>\n\n\n\n<p>La presidenta Claudia Sheinbaum se refiri\u00f3 a la reforma judicial recientemente aprobada y publicada en el Diario Oficial de la Federaci\u00f3n, y asegur\u00f3 que todos los trabajadores del Poder Judicial de la Federaci\u00f3n tendr\u00e1n sus derechos y salarios asegurados.<\/p>\n\n\n\n<p>En materia de vivienda, refrend\u00f3 su compromiso de construir al menos un mill\u00f3n de casas para j\u00f3venes en un esquema donde se pueda rentar y posteriormente adquirir.<\/p>\n\n\n\n<p>Sheinbaum Pardo anunci\u00f3 la creaci\u00f3n de las rutas de trenes de pasajeros M\u00e9xico Pachuca, M\u00e9xico- Nuevo Laredo M\u00e9xico-Nogales as\u00ed como la recuperaci\u00f3n de la ruta M\u00e9xico-Veracruz.<\/p>\n\n\n\n<p>Posteriormente, retomando una de las propuestas de la administraci\u00f3n de L\u00f3pez Obrador, refrend\u00f3 la prohibici\u00f3n del ma\u00edz transg\u00e9nico.<\/p>\n\n\n\n<p>Claudia Sheinbaum anunci\u00f3 adem\u00e1s la presentaci\u00f3n del Plan Nacional de Energ\u00eda, con un programa ambicioso de transici\u00f3n hac\u00eda fuentes renovables de energ\u00eda. As\u00ed tambi\u00e9n reglas claras para los privados que se encarguen del 46 por ciento de la generaci\u00f3n de energ\u00eda el\u00e9ctrica.<\/p>\n\n\n\n<p>En ese mismo tenor, anunci\u00f3 la construcci\u00f3n de un complejo ambiental para aprovechar residuos, tratamiento de agua, generaci\u00f3n de energ\u00eda y productos reciclados, que permitir\u00e1 reducir la contaminaci\u00f3n y en consecuencia, la generaci\u00f3n de empleos.<\/p>\n\n\n\n<figure class=\"wp-block-image size-full\"><img decoding=\"async\" width=\"850\" height=\"566\" src=\"http:\/\/crucialnuevaepoca.com\/web\/wp-content\/uploads\/2024\/10\/461283040_970577634835075_5147036220600146203_n1.jpg\" alt=\"\" class=\"wp-image-10004\" srcset=\"https:\/\/crucialnuevaepoca.com\/web\/wp-content\/uploads\/2024\/10\/461283040_970577634835075_5147036220600146203_n1.jpg 850w, https:\/\/crucialnuevaepoca.com\/web\/wp-content\/uploads\/2024\/10\/461283040_970577634835075_5147036220600146203_n1-300x200.jpg 300w, https:\/\/crucialnuevaepoca.com\/web\/wp-content\/uploads\/2024\/10\/461283040_970577634835075_5147036220600146203_n1-768x511.jpg 768w\" sizes=\"(max-width: 850px) 100vw, 850px\" \/><\/figure>\n\n\n\n<p>La presidenta Claudia Sheinbaum afirm\u00f3 que en su administraci\u00f3n no regresar\u00e1 la guerra contra el narcotr\u00e1fico de Felipe Calder\u00f3n, la cual acus\u00f3, le ha hecho mucho da\u00f1o al pa\u00eds.<\/p>\n\n\n\n<p>\u201cNo regresar\u00e1 la irresponsable guerra contra el narco de Calder\u00f3n que tanto da\u00f1o le sigue haciendo a M\u00e9xico\u201d, dijo durante su primer discurso como titular del Ejecutivo Federal.<\/p>\n\n\n\n<p>\u00abNuestra convicci\u00f3n es que la seguridad y la paz son fruto de la justicia\u00bb, agreg\u00f3.<\/p>\n\n\n\n<p>La presidenta detall\u00f3 que su estrategia de seguridad se basar\u00e1 en cuatro ejes: atenci\u00f3n a las causas, siempre dando la posibilidad de que los j\u00f3venes mexicanos tengan acceso a todos los derechos; inteligencia e investigaci\u00f3n, fortalecimiento de la Guardia Nacional, la cual descart\u00f3 que haya sido militarizada con su traspaso a la Secretar\u00eda de la Defensa de Naci\u00f3n (Sedena).<\/p>\n\n\n\n<p>As\u00ed tambi\u00e9n coordinaci\u00f3n con municipios, estados, con el Ministerio P\u00fablico, con la Fiscal\u00eda General de la Rep\u00fablica que en su autonom\u00eda, dijo Sheinbaum, no significa que deje la coordinaci\u00f3n.<\/p>\n\n\n\n<p>Como parte de una de sus primeras actividades como presidenta, dijo que ser\u00e1 la visita al estado de Guerrero, recientemente devastado por el paso del John como hurac\u00e1n y como tormenta tropical.<\/p>\n\n\n\n<p>Por \u00faltimo, Sheinbaum dijo desde la m\u00e1xima tribuna de pa\u00eds que a la presidencia no llega sola, sino tambi\u00e9n, \u201cllegan nuestras amigas y compa\u00f1eras, llegan nuestras hijas, hermosas y valientes y llegan nuestras nietas, llegan las que so\u00f1aron por la posibilidad de que un d\u00eda no importar\u00eda si nac\u00edamos siendo mujeres u hombres podemos realizar sue\u00f1os y deseos sin que nuestros sexo determine nuestro destino. Llegan ellas todas ellas que nos penaron libres y felices\u201d, expres\u00f3.<\/p>\n\n\n\n<p>La presidenta Claudia Sheinbaum Pardo es la mandataria mayor votada en la historia reciente de M\u00e9xico. Obtuvo en las elecciones del 2 de junio, 35 millones 924 mil 519 votos, lo que represent\u00f3 el 59.76 por ciento del total de la votaci\u00f3n; 32 puntos por encima del segundo lugar.<\/p>\n","protected":false},"excerpt":{"rendered":"<p>Claudia Sheinbaum Pardo rindi\u00f3 protesta este 1 de octubre como la primera presidenta de M\u00e9xico para la administraci\u00f3n 2024-2030. Al filo de las 11:30 de la ma\u00f1ana, teniendo como marco un Congreso de la Uni\u00f3n en el que domina Morena y sus aliados, Sheinbaum Pardo recibi\u00f3 la banda presidencial de las manos de Ifigenia Mart\u00ednez, [&hellip;]<\/p>\n","protected":false},"author":2,"featured_media":10002,"comment_status":"open","ping_status":"open","sticky":false,"template":"","format":"standard","meta":{"footnotes":""},"categories":[28,93],"tags":[2755,2644,2645,127],"class_list":["post-10001","post","type-post","status-publish","format-standard","has-post-thumbnail","hentry","category-nacional","category-principales","tag-2024-2030","tag-claudia-sheinbaum","tag-presidenta-de-mexico","tag-toma-de-protesta"],"aioseo_notices":[],"_links":{"self":[{"href":"https:\/\/crucialnuevaepoca.com\/web\/wp-json\/wp\/v2\/posts\/10001","targetHints":{"allow":["GET"]}}],"collection":[{"href":"https:\/\/crucialnuevaepoca.com\/web\/wp-json\/wp\/v2\/posts"}],"about":[{"href":"https:\/\/crucialnuevaepoca.com\/web\/wp-json\/wp\/v2\/types\/post"}],"author":[{"embeddable":true,"href":"https:\/\/crucialnuevaepoca.com\/web\/wp-json\/wp\/v2\/users\/2"}],"replies":[{"embeddable":true,"href":"https:\/\/crucialnuevaepoca.com\/web\/wp-json\/wp\/v2\/comments?post=10001"}],"version-history":[{"count":1,"href":"https:\/\/crucialnuevaepoca.com\/web\/wp-json\/wp\/v2\/posts\/10001\/revisions"}],"predecessor-version":[{"id":10005,"href":"https:\/\/crucialnuevaepoca.com\/web\/wp-json\/wp\/v2\/posts\/10001\/revisions\/10005"}],"wp:featuredmedia":[{"embeddable":true,"href":"https:\/\/crucialnuevaepoca.com\/web\/wp-json\/wp\/v2\/media\/10002"}],"wp:attachment":[{"href":"https:\/\/crucialnuevaepoca.com\/web\/wp-json\/wp\/v2\/media?parent=10001"}],"wp:term":[{"taxonomy":"category","embeddable":true,"href":"https:\/\/crucialnuevaepoca.com\/web\/wp-json\/wp\/v2\/categories?post=10001"},{"taxonomy":"post_tag","embeddable":true,"href":"https:\/\/crucialnuevaepoca.com\/web\/wp-json\/wp\/v2\/tags?post=10001"}],"curies":[{"name":"wp","href":"https:\/\/api.w.org\/{rel}","templated":true}]}}