{"id":10090,"date":"2024-10-15T10:35:32","date_gmt":"2024-10-15T17:35:32","guid":{"rendered":"https:\/\/crucialnuevaepoca.com\/web\/?p=10090"},"modified":"2024-10-15T10:35:33","modified_gmt":"2024-10-15T17:35:33","slug":"los-zares-de-culiacan-promocionan-en-mi-corazon","status":"publish","type":"post","link":"https:\/\/crucialnuevaepoca.com\/web\/2024\/10\/15\/los-zares-de-culiacan-promocionan-en-mi-corazon\/","title":{"rendered":"Los Zares de Culiac\u00e1n promocionan \u00abEn Mi Coraz\u00f3n\u00bb"},"content":{"rendered":"\n<p>A lo largo de 7 a\u00f1os, Los Zares de Culiac\u00e1n han logrado cautivar a la industria musical del regional mexicano con su estilo \u00fanico en el norte\u00f1o, imponiendo su toque a infinidad de melod\u00edas, como ocurre con el sencillo \u00abEn Mi Coraz\u00f3n\u00bb.<\/p>\n\n\n\n<p>\u00abEn Mi Coraz\u00f3n\u00bb, es el soudtrack de la pel\u00edcula \u00abTarzan\u00bb, que Luis Fernando Medina L\u00f3pez (bajo sexto), Luis Gerardo Ruiz Verdugo (acorde\u00f3n), Jes\u00fas Ram\u00f3n Tostado Valenzuela (bajo el\u00e9ctrico), Carlos Antonio Carrasco Carrillo (bater\u00eda) y Pedro Ernesto S\u00e1nchez Vega (bajo quinto) lograron hacerla propia.<\/p>\n\n\n\n<p>El video de este tema ya se encuentra disponible en su canal de youtube, al igual que en todas las plataformas digitales, donde se est\u00e1 colocando en el gusto de sus seguidores.<br>Los Zares de Culiac\u00e1n nacieron en septiembre del 2017 y desde entonces no han parado, ya que se han presentado en infinidad de evento p\u00fablicos, como son bailes, ferias, bares y festivales en todo Sinaloa, Durango, Michoac\u00e1n, Mexicali, Tijuana, San Luis R\u00edos Colorado, Zacatecas, entre otros estados de la Rep\u00fablica Mexicana.<\/p>\n\n\n\n<p>Cabe destacar que en 2019 lanzaron el primer material discogr\u00e1fico que llamaron \u00abMi Motivo\u00bb, siguiendo otras producciones como \u00abEn Vivo Desde Cosal\u00e1\u00bb, \u00abMarcado Estilo\u00bb, \u00abEn Vivo con Los Nuevos Coyonquis\u00bb, \u00abEn Vivo Desde La Barda\u00bb, as\u00ed como infinidad de sencillos.<\/p>\n\n\n\n<p>Aunque han colocado diversos temas en el gusto del p\u00fablico, como \u00abMi Motivo\u00bb, \u00abLas Fuentes de Ortiz\u00bb, \u00abAmarla es un placer\u00bb, \u00abQue no se enteren\u00bb, \u00abHermosa Flor\u00bb; no pueden dejar fuera de su repertorio los corridos.<\/p>\n\n\n\n<p>Por supuesto que tambi\u00e9n son compositores de sus propios \u00e9xitos, ya que Luis Fernando Medina L\u00f3pez y Luis Gerardo Ruiz Verdugo gustan de escribirlos.<\/p>\n\n\n\n<p>Entre sus sue\u00f1os se encuentra poder llegar a Estados Unidos, para poderles llevar su espect\u00e1culo en vivo, ya que hasta ahora dicho p\u00fablico s\u00f3lo los ha podido disfrutar a trav\u00e9s de sus redes sociales.<\/p>\n\n\n\n<p>Sigue de cerca a Los Zares de Culiac\u00e1n en las diversas redes sociales, como son en Facebook, Instragram, Tik Tok y Youtube, donde estar\u00e1n sorprendiendo a su p\u00fablico.<\/p>\n","protected":false},"excerpt":{"rendered":"<p>A lo largo de 7 a\u00f1os, Los Zares de Culiac\u00e1n han logrado cautivar a la industria musical del regional mexicano con su estilo \u00fanico en el norte\u00f1o, imponiendo su toque a infinidad de melod\u00edas, como ocurre con el sencillo \u00abEn Mi Coraz\u00f3n\u00bb. \u00abEn Mi Coraz\u00f3n\u00bb, es el soudtrack de la pel\u00edcula \u00abTarzan\u00bb, que Luis Fernando [&hellip;]<\/p>\n","protected":false},"author":2,"featured_media":10084,"comment_status":"open","ping_status":"open","sticky":false,"template":"","format":"standard","meta":{"footnotes":""},"categories":[184,93],"tags":[473,2773,2760,2083],"class_list":["post-10090","post","type-post","status-publish","format-standard","has-post-thumbnail","hentry","category-espectaculos","category-principales","tag-espectaculos","tag-los-zares-de-culiacan","tag-musica-nortena","tag-promocion"],"aioseo_notices":[],"_links":{"self":[{"href":"https:\/\/crucialnuevaepoca.com\/web\/wp-json\/wp\/v2\/posts\/10090","targetHints":{"allow":["GET"]}}],"collection":[{"href":"https:\/\/crucialnuevaepoca.com\/web\/wp-json\/wp\/v2\/posts"}],"about":[{"href":"https:\/\/crucialnuevaepoca.com\/web\/wp-json\/wp\/v2\/types\/post"}],"author":[{"embeddable":true,"href":"https:\/\/crucialnuevaepoca.com\/web\/wp-json\/wp\/v2\/users\/2"}],"replies":[{"embeddable":true,"href":"https:\/\/crucialnuevaepoca.com\/web\/wp-json\/wp\/v2\/comments?post=10090"}],"version-history":[{"count":1,"href":"https:\/\/crucialnuevaepoca.com\/web\/wp-json\/wp\/v2\/posts\/10090\/revisions"}],"predecessor-version":[{"id":10091,"href":"https:\/\/crucialnuevaepoca.com\/web\/wp-json\/wp\/v2\/posts\/10090\/revisions\/10091"}],"wp:featuredmedia":[{"embeddable":true,"href":"https:\/\/crucialnuevaepoca.com\/web\/wp-json\/wp\/v2\/media\/10084"}],"wp:attachment":[{"href":"https:\/\/crucialnuevaepoca.com\/web\/wp-json\/wp\/v2\/media?parent=10090"}],"wp:term":[{"taxonomy":"category","embeddable":true,"href":"https:\/\/crucialnuevaepoca.com\/web\/wp-json\/wp\/v2\/categories?post=10090"},{"taxonomy":"post_tag","embeddable":true,"href":"https:\/\/crucialnuevaepoca.com\/web\/wp-json\/wp\/v2\/tags?post=10090"}],"curies":[{"name":"wp","href":"https:\/\/api.w.org\/{rel}","templated":true}]}}