{"id":10164,"date":"2024-11-01T10:25:57","date_gmt":"2024-11-01T17:25:57","guid":{"rendered":"https:\/\/crucialnuevaepoca.com\/web\/?p=10164"},"modified":"2024-11-01T10:25:58","modified_gmt":"2024-11-01T17:25:58","slug":"el-primer-mes-de-sheinbaum-registro-la-mitad-de-los-asesinatos-del-primero-de-amlo","status":"publish","type":"post","link":"https:\/\/crucialnuevaepoca.com\/web\/2024\/11\/01\/el-primer-mes-de-sheinbaum-registro-la-mitad-de-los-asesinatos-del-primero-de-amlo\/","title":{"rendered":"El primer mes de Sheinbaum registr\u00f3 la mitad de los asesinatos del primero de AMLO"},"content":{"rendered":"\n<p>Durante el primer mes del llamado Segundo piso de la Cuarta transformaci\u00f3n que preside Claudia Sheinbaum Pardo asesinaron a dos mil 223 personas en el pa\u00eds, apenas poco m\u00e1s de la mitad de los homicidios registrados durante los primeros 30 d\u00edas del gobierno de Andr\u00e9s Manuel L\u00f3pez Obrador, en diciembre de 2018.<\/p>\n\n\n\n<p>De acuerdo con datos del Secretariado Ejecutivo del Sistema Nacional de Seguridad P\u00fablica (SESNSP), en diciembre de 2018 asesinaron tres mil 943 personas; entre ellas, al periodista Alejandro M\u00e1rquez, cuyo cuerpo fue localizado en el municipio de Xalisco en Nayarit con un disparo en la cabeza, el primer periodista asesinado en el arranque de la Cuarta transformaci\u00f3n.<\/p>\n\n\n\n<p>Semanas despu\u00e9s secuestraron y asesinaron a la hija del director de la Facultad de Derecho de la Universidad de Morelos y ese mismo mes fueron asesinados Olga Kobel, exalcaldesa de Ju\u00e1rez en Coahuila, y el encargado de la Secretar\u00eda de Seguridad P\u00fablica de Zitlala en Guerrero.<\/p>\n\n\n\n<p>El primer mes de gobierno de la actual Presidenta de M\u00e9xico promedia 74 v\u00edctimas de homicidio por d\u00eda.<\/p>\n\n\n\n<p>De los asesinatos de este mes destaca el del sacerdote de San Crist\u00f3bal de las Casas, Chiapas, Marcelo P\u00e9rez P\u00e9rez, a quien hombres armados mataron cuando sal\u00eda de oficiar misa. Los primeros d\u00edas de octubre de este a\u00f1o asesinaron al exalcalde de Chilpancingo, Guerrero, Alejandro Arcos, cuyo cuerpo fue decapitado, y al cierre de octubre fueron asesinados dos comunicadores Mauricio Cruz Sol\u00eds en Michoac\u00e1n y Patricia Ram\u00edrez en Colima.<\/p>\n\n\n\n<p>De acuerdo con el expresidente L\u00f3pez Obrador; la violencia en el pa\u00eds es consecuencia de la disputa de territorios entre organizaciones delictivas; lamentablemente entre ellos, tambi\u00e9n hay v\u00edctimas inocentes.<\/p>\n\n\n\n<p>El pasado 30 de octubre el titular de la Secretar\u00eda de Seguridad y Protecci\u00f3n Ciudadana, Omar Garc\u00eda Harfuch anunci\u00f3 una iniciativa de reforma para que la dependencia a su cargo realice labores de investigaci\u00f3n e inteligencia para disminuir los niveles de homicidio doloso en el pa\u00eds y la inseguridad en general. Para ello, la presidenta Claudia Sheinbaum anunci\u00f3 la creaci\u00f3n de la nueva Subsecretar\u00eda de Inteligencia e Investigaci\u00f3n Policial, adscrita a la Secretar\u00eda de Seguridad y Protecci\u00f3n Ciudadana (SSPC), misma que tendr\u00e1 a su cargo el Sistema Nacional de Inteligencia, con el cual se busca unificar la informaci\u00f3n que generan los \u00f3rganos de inteligencia de la Secretar\u00eda de Marina, del Ej\u00e9rcito y de la Unidad de Inteligencia Financiera (UIF) \u2014adscrita a la Secretar\u00eda de Hacienda\u2014 para integrar mejores carpetas de investigaci\u00f3n que permitan la judicializaci\u00f3n de presuntos criminales y desarticular redes delincuenciales.<\/p>\n\n\n\n<p>La estrategia del nuevo gobierno contempla atenci\u00f3n especial en los 10 municipios con m\u00e1s homicidios dolosos en el pa\u00eds: Colima, Tijuana, Acapulco, Celaya, Cajeme (Ciudad Obreg\u00f3n), Ciudad Ju\u00e1rez, Tlajomulco de Z\u00fa\u00f1iga, Le\u00f3n y Benito Ju\u00e1rez (Canc\u00fan).<\/p>\n\n\n\n<p>En lo que va del 2024 el mes con m\u00e1s v\u00edctimas de homicidio doloso fue junio con dos mil 353 homicidios; y en total han asesinado de enero a octubre de este a\u00f1o a 22 mil 385 personas.<\/p>\n","protected":false},"excerpt":{"rendered":"<p>Durante el primer mes del llamado Segundo piso de la Cuarta transformaci\u00f3n que preside Claudia Sheinbaum Pardo asesinaron a dos mil 223 personas en el pa\u00eds, apenas poco m\u00e1s de la mitad de los homicidios registrados durante los primeros 30 d\u00edas del gobierno de Andr\u00e9s Manuel L\u00f3pez Obrador, en diciembre de 2018. De acuerdo con [&hellip;]<\/p>\n","protected":false},"author":2,"featured_media":10165,"comment_status":"open","ping_status":"open","sticky":false,"template":"","format":"standard","meta":{"footnotes":""},"categories":[28,93],"tags":[314,2792,2644,2793],"class_list":["post-10164","post","type-post","status-publish","format-standard","has-post-thumbnail","hentry","category-nacional","category-principales","tag-amlo","tag-asesinatos","tag-claudia-sheinbaum","tag-primer-mes"],"aioseo_notices":[],"_links":{"self":[{"href":"https:\/\/crucialnuevaepoca.com\/web\/wp-json\/wp\/v2\/posts\/10164","targetHints":{"allow":["GET"]}}],"collection":[{"href":"https:\/\/crucialnuevaepoca.com\/web\/wp-json\/wp\/v2\/posts"}],"about":[{"href":"https:\/\/crucialnuevaepoca.com\/web\/wp-json\/wp\/v2\/types\/post"}],"author":[{"embeddable":true,"href":"https:\/\/crucialnuevaepoca.com\/web\/wp-json\/wp\/v2\/users\/2"}],"replies":[{"embeddable":true,"href":"https:\/\/crucialnuevaepoca.com\/web\/wp-json\/wp\/v2\/comments?post=10164"}],"version-history":[{"count":1,"href":"https:\/\/crucialnuevaepoca.com\/web\/wp-json\/wp\/v2\/posts\/10164\/revisions"}],"predecessor-version":[{"id":10169,"href":"https:\/\/crucialnuevaepoca.com\/web\/wp-json\/wp\/v2\/posts\/10164\/revisions\/10169"}],"wp:featuredmedia":[{"embeddable":true,"href":"https:\/\/crucialnuevaepoca.com\/web\/wp-json\/wp\/v2\/media\/10165"}],"wp:attachment":[{"href":"https:\/\/crucialnuevaepoca.com\/web\/wp-json\/wp\/v2\/media?parent=10164"}],"wp:term":[{"taxonomy":"category","embeddable":true,"href":"https:\/\/crucialnuevaepoca.com\/web\/wp-json\/wp\/v2\/categories?post=10164"},{"taxonomy":"post_tag","embeddable":true,"href":"https:\/\/crucialnuevaepoca.com\/web\/wp-json\/wp\/v2\/tags?post=10164"}],"curies":[{"name":"wp","href":"https:\/\/api.w.org\/{rel}","templated":true}]}}