{"id":10170,"date":"2024-11-01T10:29:39","date_gmt":"2024-11-01T17:29:39","guid":{"rendered":"https:\/\/crucialnuevaepoca.com\/web\/?p=10170"},"modified":"2024-11-01T10:29:40","modified_gmt":"2024-11-01T17:29:40","slug":"el-jardin-de-ninos-de-la-uas-realiza-su-cuarto-festival-del-dia-de-muertos-en-busca-de-que-los-pequenos-mantengan-viva-dicha-tradicion-cultural-y-social","status":"publish","type":"post","link":"https:\/\/crucialnuevaepoca.com\/web\/2024\/11\/01\/el-jardin-de-ninos-de-la-uas-realiza-su-cuarto-festival-del-dia-de-muertos-en-busca-de-que-los-pequenos-mantengan-viva-dicha-tradicion-cultural-y-social\/","title":{"rendered":"El Jard\u00edn de Ni\u00f1os de la UAS realiza su cuarto Festival del D\u00eda de Muertos, en busca de que los peque\u00f1os mantengan viva dicha tradici\u00f3n cultural y social"},"content":{"rendered":"\n<p>En la idea de que los estudiantes m\u00e1s peque\u00f1os de la Universidad Aut\u00f3noma de Sinaloa (UAS) aprendan sobre sus ra\u00edces, honren a sus seres queridos fallecidos y fortalezcan su identidad como mexicanos, en el Jard\u00edn de Ni\u00f1os se llev\u00f3 a cabo el 4to Festival de Dia de Muertos, en el cual si bien por las circunstancias que se viven en la localidad las actividades se desarrollaron dentro de las aulas, s\u00ed se mont\u00f3 un altar honrando a universitarios destacados, indic\u00f3 Claudia Guadalupe Ojeda.<\/p>\n\n\n\n<p>\u201cEl D\u00eda de Muertos es una fiesta mexicana, a nivel nacional, que prevalece de nuestros antepasados, de la \u00e9poca prehisp\u00e1nica y culturalmente es fomentar en nuestras ni\u00f1as y ni\u00f1os nuestra cultura que trascienda de generaci\u00f3n en generaci\u00f3n y tambi\u00e9n estos valores, el significado de la dualidad de la vida y la muerte\u201d, enfatiz\u00f3.<\/p>\n\n\n\n<figure class=\"wp-block-image size-full\"><img fetchpriority=\"high\" decoding=\"async\" width=\"850\" height=\"566\" src=\"http:\/\/crucialnuevaepoca.com\/web\/wp-content\/uploads\/2024\/11\/1-1.jpg\" alt=\"\" class=\"wp-image-10166\" srcset=\"https:\/\/crucialnuevaepoca.com\/web\/wp-content\/uploads\/2024\/11\/1-1.jpg 850w, https:\/\/crucialnuevaepoca.com\/web\/wp-content\/uploads\/2024\/11\/1-1-300x200.jpg 300w, https:\/\/crucialnuevaepoca.com\/web\/wp-content\/uploads\/2024\/11\/1-1-768x511.jpg 768w\" sizes=\"(max-width: 850px) 100vw, 850px\" \/><\/figure>\n\n\n\n<p>La directora del Jard\u00edn de Ni\u00f1os de la UAS indic\u00f3 que ya este es el cuarto festival que realizan y las ni\u00f1as y ni\u00f1os caracterizados de catrinas y catrines, en la idea de que en los peque\u00f1os se mantenga viva nuestra cultura y tradiciones, toda vez que esto es fundamental para preservar la historia y que se transmite a las nuevas generaciones.<\/p>\n\n\n\n<p>\u201cSe van familiarizando respecto a qu\u00e9 significa la muerte en un sentido tambi\u00e9n ancestral, que identifiquen a sus antepasados, sus ancestros, quienes eran. El homenaje que se les hace ese d\u00eda tan especial que es celebrar a nuestros seres queridos que ya se nos adelantaron o que est\u00e1n en otro plano\u201d, manifest\u00f3.<\/p>\n\n\n\n<p>La acad\u00e9mica universitaria mencion\u00f3 que en esta ocasi\u00f3n el altar que se mont\u00f3, en donde los ni\u00f1os fueron a visitarlo de manera escalonada y por momentos cortos al patio, fue en honor de mujeres ilustres de la Universidad Aut\u00f3noma de Sinaloa como es el caso de Norma Corona Sapiens. Jes\u00fas Kumate Rodr\u00edguez, Jorge Medina Viedas y H\u00e9ctor Melesio Cu\u00e9n Ojeda.<\/p>\n\n\n\n<figure class=\"wp-block-image size-full\"><img decoding=\"async\" width=\"850\" height=\"566\" src=\"http:\/\/crucialnuevaepoca.com\/web\/wp-content\/uploads\/2024\/11\/2-1.jpg\" alt=\"\" class=\"wp-image-10167\" srcset=\"https:\/\/crucialnuevaepoca.com\/web\/wp-content\/uploads\/2024\/11\/2-1.jpg 850w, https:\/\/crucialnuevaepoca.com\/web\/wp-content\/uploads\/2024\/11\/2-1-300x200.jpg 300w, https:\/\/crucialnuevaepoca.com\/web\/wp-content\/uploads\/2024\/11\/2-1-768x511.jpg 768w\" sizes=\"(max-width: 850px) 100vw, 850px\" \/><\/figure>\n","protected":false},"excerpt":{"rendered":"<p>En la idea de que los estudiantes m\u00e1s peque\u00f1os de la Universidad Aut\u00f3noma de Sinaloa (UAS) aprendan sobre sus ra\u00edces, honren a sus seres queridos fallecidos y fortalezcan su identidad como mexicanos, en el Jard\u00edn de Ni\u00f1os se llev\u00f3 a cabo el 4to Festival de Dia de Muertos, en el cual si bien por las [&hellip;]<\/p>\n","protected":false},"author":2,"featured_media":10168,"comment_status":"open","ping_status":"open","sticky":false,"template":"","format":"standard","meta":{"footnotes":""},"categories":[122,93],"tags":[1168,2252,2795,2008],"class_list":["post-10170","post","type-post","status-publish","format-standard","has-post-thumbnail","hentry","category-educacion","category-principales","tag-dia-de-muertos","tag-festival","tag-jardin-de-ninos-de-la-uas","tag-tradiciones"],"aioseo_notices":[],"_links":{"self":[{"href":"https:\/\/crucialnuevaepoca.com\/web\/wp-json\/wp\/v2\/posts\/10170","targetHints":{"allow":["GET"]}}],"collection":[{"href":"https:\/\/crucialnuevaepoca.com\/web\/wp-json\/wp\/v2\/posts"}],"about":[{"href":"https:\/\/crucialnuevaepoca.com\/web\/wp-json\/wp\/v2\/types\/post"}],"author":[{"embeddable":true,"href":"https:\/\/crucialnuevaepoca.com\/web\/wp-json\/wp\/v2\/users\/2"}],"replies":[{"embeddable":true,"href":"https:\/\/crucialnuevaepoca.com\/web\/wp-json\/wp\/v2\/comments?post=10170"}],"version-history":[{"count":1,"href":"https:\/\/crucialnuevaepoca.com\/web\/wp-json\/wp\/v2\/posts\/10170\/revisions"}],"predecessor-version":[{"id":10171,"href":"https:\/\/crucialnuevaepoca.com\/web\/wp-json\/wp\/v2\/posts\/10170\/revisions\/10171"}],"wp:featuredmedia":[{"embeddable":true,"href":"https:\/\/crucialnuevaepoca.com\/web\/wp-json\/wp\/v2\/media\/10168"}],"wp:attachment":[{"href":"https:\/\/crucialnuevaepoca.com\/web\/wp-json\/wp\/v2\/media?parent=10170"}],"wp:term":[{"taxonomy":"category","embeddable":true,"href":"https:\/\/crucialnuevaepoca.com\/web\/wp-json\/wp\/v2\/categories?post=10170"},{"taxonomy":"post_tag","embeddable":true,"href":"https:\/\/crucialnuevaepoca.com\/web\/wp-json\/wp\/v2\/tags?post=10170"}],"curies":[{"name":"wp","href":"https:\/\/api.w.org\/{rel}","templated":true}]}}