{"id":10175,"date":"2024-11-06T11:35:38","date_gmt":"2024-11-06T18:35:38","guid":{"rendered":"https:\/\/crucialnuevaepoca.com\/web\/?p=10175"},"modified":"2024-11-06T11:35:39","modified_gmt":"2024-11-06T18:35:39","slug":"culiacan-en-busca-de-paz","status":"publish","type":"post","link":"https:\/\/crucialnuevaepoca.com\/web\/2024\/11\/06\/culiacan-en-busca-de-paz\/","title":{"rendered":"Culiac\u00e1n en busca de paz"},"content":{"rendered":"\n<p><strong><em>Culiac\u00e1n, Sin. <\/em><\/strong>&#8211; La ma\u00f1ana de este mi\u00e9rcoles 5 de noviembre se realiz\u00f3 la rueda de prensa para presentar la conferencia La paz es posible ante medios de comunicaci\u00f3n y sociedad civil de Culiac\u00e1n.<\/p>\n\n\n\n<p>El Dr. Jean Louis Bingna llegar\u00e1 a la capital del estado para compartir su visi\u00f3n. Ha sido nominado para el Premio Nobel de la paz y tiene una gran experiencia con temas de igualdad y justicia social.<\/p>\n\n\n\n<p>Mario Avenda\u00f1o, Secretario General del Club Rotario Culiac\u00e1n, asegur\u00f3 con este evento que buscan modificar positivamente la realidad de la ciudad.<\/p>\n\n\n\n<p>\u201cNos hemos propuesto empezar a hacer trabajos dirigidos a recuperar nuestra tranquilidad. Estamos empe\u00f1ados en cambiar nuestro lenguaje y dejar atr\u00e1s palabras de violencia e inseguridad, es muy valioso encontrar espacios de paz para recuperar a nuestro Culiac\u00e1n\u201d finaliz\u00f3.<\/p>\n\n\n\n<p>Rolando Ur\u00edas, Presidente de esta instituci\u00f3n, dej\u00f3 en claro que revertir la situaci\u00f3n actual ser\u00e1 tarea de todos, en aras de encontrar la calma y recuperar el bienestar, escuchando a un delegado de la paz en todo el mundo.<\/p>\n\n\n\n<p>\u201cInvitamos a la sociedad en general, ll\u00e1mese empresarios, estudiantes, amas de casa, profesionistas, para hacer el esfuerzo y escuchar otra visi\u00f3n, de una persona preparada que viene de fuera a demostrarnos que s\u00ed podemos lograrlo\u201d a\u00f1adi\u00f3.<\/p>\n\n\n\n<p>El evento denominado La paz es posible ya se encuentra a la venta en kynetick.com, con costo de $300.00 mxn, m\u00e1s cargo por servicio.<\/p>\n","protected":false},"excerpt":{"rendered":"<p>Culiac\u00e1n, Sin. &#8211; La ma\u00f1ana de este mi\u00e9rcoles 5 de noviembre se realiz\u00f3 la rueda de prensa para presentar la conferencia La paz es posible ante medios de comunicaci\u00f3n y sociedad civil de Culiac\u00e1n. El Dr. Jean Louis Bingna llegar\u00e1 a la capital del estado para compartir su visi\u00f3n. Ha sido nominado para el Premio [&hellip;]<\/p>\n","protected":false},"author":2,"featured_media":10176,"comment_status":"open","ping_status":"open","sticky":false,"template":"","format":"standard","meta":{"footnotes":""},"categories":[102,93],"tags":[115,2796,2734],"class_list":["post-10175","post","type-post","status-publish","format-standard","has-post-thumbnail","hentry","category-asociaciones","category-principales","tag-culiacan-2","tag-paz","tag-violencia-en-sinaloa"],"aioseo_notices":[],"_links":{"self":[{"href":"https:\/\/crucialnuevaepoca.com\/web\/wp-json\/wp\/v2\/posts\/10175","targetHints":{"allow":["GET"]}}],"collection":[{"href":"https:\/\/crucialnuevaepoca.com\/web\/wp-json\/wp\/v2\/posts"}],"about":[{"href":"https:\/\/crucialnuevaepoca.com\/web\/wp-json\/wp\/v2\/types\/post"}],"author":[{"embeddable":true,"href":"https:\/\/crucialnuevaepoca.com\/web\/wp-json\/wp\/v2\/users\/2"}],"replies":[{"embeddable":true,"href":"https:\/\/crucialnuevaepoca.com\/web\/wp-json\/wp\/v2\/comments?post=10175"}],"version-history":[{"count":1,"href":"https:\/\/crucialnuevaepoca.com\/web\/wp-json\/wp\/v2\/posts\/10175\/revisions"}],"predecessor-version":[{"id":10177,"href":"https:\/\/crucialnuevaepoca.com\/web\/wp-json\/wp\/v2\/posts\/10175\/revisions\/10177"}],"wp:featuredmedia":[{"embeddable":true,"href":"https:\/\/crucialnuevaepoca.com\/web\/wp-json\/wp\/v2\/media\/10176"}],"wp:attachment":[{"href":"https:\/\/crucialnuevaepoca.com\/web\/wp-json\/wp\/v2\/media?parent=10175"}],"wp:term":[{"taxonomy":"category","embeddable":true,"href":"https:\/\/crucialnuevaepoca.com\/web\/wp-json\/wp\/v2\/categories?post=10175"},{"taxonomy":"post_tag","embeddable":true,"href":"https:\/\/crucialnuevaepoca.com\/web\/wp-json\/wp\/v2\/tags?post=10175"}],"curies":[{"name":"wp","href":"https:\/\/api.w.org\/{rel}","templated":true}]}}