{"id":10178,"date":"2024-11-06T14:01:05","date_gmt":"2024-11-06T21:01:05","guid":{"rendered":"https:\/\/crucialnuevaepoca.com\/web\/?p=10178"},"modified":"2024-11-06T14:01:05","modified_gmt":"2024-11-06T21:01:05","slug":"invita-canaco-culiacan-a-la-expo-empresarial-2024","status":"publish","type":"post","link":"https:\/\/crucialnuevaepoca.com\/web\/2024\/11\/06\/invita-canaco-culiacan-a-la-expo-empresarial-2024\/","title":{"rendered":"Invita Canaco Culiac\u00e1n a la Expo Empresarial 2024"},"content":{"rendered":"\n<p><strong><em>Culiac\u00e1n, Sin. <\/em><\/strong>&#8211; Con el prop\u00f3sito de promover el mercado interno e incentivar la econom\u00eda local, la presidenta de Canaco Servytur Culiac\u00e1n, Lupita Zavala Yamaguchi, hizo la invitaci\u00f3n a los comerciantes y al p\u00fablico en general a participar en la \u00abExpo Empresarial 2024\u00bb, que se realizar\u00e1 el mi\u00e9rcoles 11 de diciembre en el Sal\u00f3n 53 de Culiac\u00e1n.<\/p>\n\n\n\n<p>La Expo Empresarial Canaco 2024 abrir\u00e1 sus puertas a las 8:30 horas, contar\u00e1 con un espacio de stands, adem\u00e1s de contar con un panel empresarial en el que participar\u00e1n Luis Osuna Vidaurri, Director de Grup Panam\u00e1, junto a Germ\u00e1n Alejando del Rinc\u00f3n, Director General de Grupo del Rinc\u00f3n; adem\u00e1s de tres conferencias magistrales, con Alejandro Kasuga, Roberto C. de la Vega, y Mauricio Benoist como ponentes.<\/p>\n\n\n\n<p>Tambi\u00e9n se tiene programada una fiesta de gala que iniciar\u00e1 con la comida a las 2:30 horas y la m\u00fasica de los Hermanos Cota. A las 4:00 de la tarde se entregar\u00e1 el Galard\u00f3n del A\u00f1o para cerrar con el baile de gala.<\/p>\n","protected":false},"excerpt":{"rendered":"<p>Culiac\u00e1n, Sin. &#8211; Con el prop\u00f3sito de promover el mercado interno e incentivar la econom\u00eda local, la presidenta de Canaco Servytur Culiac\u00e1n, Lupita Zavala Yamaguchi, hizo la invitaci\u00f3n a los comerciantes y al p\u00fablico en general a participar en la \u00abExpo Empresarial 2024\u00bb, que se realizar\u00e1 el mi\u00e9rcoles 11 de diciembre en el Sal\u00f3n 53 [&hellip;]<\/p>\n","protected":false},"author":2,"featured_media":10179,"comment_status":"open","ping_status":"open","sticky":false,"template":"","format":"standard","meta":{"footnotes":""},"categories":[103,93],"tags":[2542,2797,2543],"class_list":["post-10178","post","type-post","status-publish","format-standard","has-post-thumbnail","hentry","category-camaras-y-colegios","category-principales","tag-canaco-culiacan","tag-expo-empresarial","tag-lupita-zavala"],"aioseo_notices":[],"_links":{"self":[{"href":"https:\/\/crucialnuevaepoca.com\/web\/wp-json\/wp\/v2\/posts\/10178","targetHints":{"allow":["GET"]}}],"collection":[{"href":"https:\/\/crucialnuevaepoca.com\/web\/wp-json\/wp\/v2\/posts"}],"about":[{"href":"https:\/\/crucialnuevaepoca.com\/web\/wp-json\/wp\/v2\/types\/post"}],"author":[{"embeddable":true,"href":"https:\/\/crucialnuevaepoca.com\/web\/wp-json\/wp\/v2\/users\/2"}],"replies":[{"embeddable":true,"href":"https:\/\/crucialnuevaepoca.com\/web\/wp-json\/wp\/v2\/comments?post=10178"}],"version-history":[{"count":1,"href":"https:\/\/crucialnuevaepoca.com\/web\/wp-json\/wp\/v2\/posts\/10178\/revisions"}],"predecessor-version":[{"id":10180,"href":"https:\/\/crucialnuevaepoca.com\/web\/wp-json\/wp\/v2\/posts\/10178\/revisions\/10180"}],"wp:featuredmedia":[{"embeddable":true,"href":"https:\/\/crucialnuevaepoca.com\/web\/wp-json\/wp\/v2\/media\/10179"}],"wp:attachment":[{"href":"https:\/\/crucialnuevaepoca.com\/web\/wp-json\/wp\/v2\/media?parent=10178"}],"wp:term":[{"taxonomy":"category","embeddable":true,"href":"https:\/\/crucialnuevaepoca.com\/web\/wp-json\/wp\/v2\/categories?post=10178"},{"taxonomy":"post_tag","embeddable":true,"href":"https:\/\/crucialnuevaepoca.com\/web\/wp-json\/wp\/v2\/tags?post=10178"}],"curies":[{"name":"wp","href":"https:\/\/api.w.org\/{rel}","templated":true}]}}