{"id":10181,"date":"2024-11-06T14:14:03","date_gmt":"2024-11-06T21:14:03","guid":{"rendered":"https:\/\/crucialnuevaepoca.com\/web\/?p=10181"},"modified":"2024-11-06T14:14:04","modified_gmt":"2024-11-06T21:14:04","slug":"crece-adecem-con-nuevos-presidentes-de-comisiones","status":"publish","type":"post","link":"https:\/\/crucialnuevaepoca.com\/web\/2024\/11\/06\/crece-adecem-con-nuevos-presidentes-de-comisiones\/","title":{"rendered":"Crece ADECEM con nuevos presidentes de Comisiones"},"content":{"rendered":"\n<p>Con la toma de protesta de cuatro nuevos comisionados presidentes, la Alianza para el Desarrollo y Competitividad de las Empresas (ADECEM) reiter\u00f3 el compromiso de trabajar en pro de la micro, peque\u00f1a y mediana empresa a trav\u00e9s del impulso de las tecnolog\u00edas, la innovaci\u00f3n y una mayor vinculaci\u00f3n con el sector educativo, as\u00ed como con asesor\u00eda jur\u00eddica.<\/p>\n\n\n\n<p>Quienes rindieron protesta durante la quincenal reuni\u00f3n de ADECEM, son Miguel \u00c1ngel Navarrete Mendoza, Jes\u00fas Hern\u00e1ndez Rubio, Miguel \u00c1ngel P\u00e9rez S\u00e1nchez y Pedro Tapia Arellano, quienes son presidentes de las Comisiones de Tecnolog\u00eda, de Innovaci\u00f3n, de Justicia y de Educaci\u00f3n, respectivamente.<\/p>\n\n\n\n<p>La toma de protesta estuvo a cargo del presidente de ADECEM, Julio C\u00e9sar Silvas Inzunza, quien record\u00f3 que entre los objetivos de esta asociaci\u00f3n civil es informar, orientar, consultar, comunicar y defender a las empresas, trabajadores y en general a todos los p\u00fablicos que est\u00e1n involucrados en las organizaciones empresariales.<\/p>\n\n\n\n<p>Expuso que el pasado 23 de octubre ADECEM cumpli\u00f3 el noveno aniversario de su fundaci\u00f3n, por lo que resalt\u00f3 que la integraci\u00f3n de nuevos comisionados se da en marco de este aniversario.<\/p>\n\n\n\n<figure class=\"wp-block-image size-full\"><img fetchpriority=\"high\" decoding=\"async\" width=\"850\" height=\"554\" src=\"http:\/\/crucialnuevaepoca.com\/web\/wp-content\/uploads\/2024\/11\/2-2.jpg\" alt=\"\" class=\"wp-image-10183\" srcset=\"https:\/\/crucialnuevaepoca.com\/web\/wp-content\/uploads\/2024\/11\/2-2.jpg 850w, https:\/\/crucialnuevaepoca.com\/web\/wp-content\/uploads\/2024\/11\/2-2-300x196.jpg 300w, https:\/\/crucialnuevaepoca.com\/web\/wp-content\/uploads\/2024\/11\/2-2-768x501.jpg 768w\" sizes=\"(max-width: 850px) 100vw, 850px\" \/><\/figure>\n\n\n\n<p>El objetivo de estas comisiones y de los compa\u00f1eros que se suman a ella es precisamente fortalecer la necesidad que tenemos los empresarios de tomar decisiones con un di\u00e1logo, con m\u00e1s datos y m\u00e1s informados, dijo.<br>Los nuevos comisionados presidentes hicieron el compromiso de trabajar en sus respectivas \u00e1reas para lograr que en Sinaloa haya m\u00e1s innovaci\u00f3n y un mayor uso de las nuevas tecnolog\u00edas, as\u00ed como buscar un mayor di\u00e1logo con las instituciones de educaci\u00f3n superior para tratar de incidir en la formaci\u00f3n de los nuevos profesionistas que demanda el mercado.<\/p>\n\n\n\n<p>De igual manera se resalt\u00f3 el inter\u00e9s de brindar a las empresas la asesor\u00eda en materia legal, incluso desde el punto de vista notarial necesarias para que se sigan desarrollando y consolidando.<\/p>\n","protected":false},"excerpt":{"rendered":"<p>Con la toma de protesta de cuatro nuevos comisionados presidentes, la Alianza para el Desarrollo y Competitividad de las Empresas (ADECEM) reiter\u00f3 el compromiso de trabajar en pro de la micro, peque\u00f1a y mediana empresa a trav\u00e9s del impulso de las tecnolog\u00edas, la innovaci\u00f3n y una mayor vinculaci\u00f3n con el sector educativo, as\u00ed como con [&hellip;]<\/p>\n","protected":false},"author":2,"featured_media":10182,"comment_status":"open","ping_status":"open","sticky":false,"template":"","format":"standard","meta":{"footnotes":""},"categories":[103,93],"tags":[1763,1731,115,1878],"class_list":["post-10181","post","type-post","status-publish","format-standard","has-post-thumbnail","hentry","category-camaras-y-colegios","category-principales","tag-adecem","tag-comisiones","tag-culiacan-2","tag-julio-cesar-silvas"],"aioseo_notices":[],"_links":{"self":[{"href":"https:\/\/crucialnuevaepoca.com\/web\/wp-json\/wp\/v2\/posts\/10181","targetHints":{"allow":["GET"]}}],"collection":[{"href":"https:\/\/crucialnuevaepoca.com\/web\/wp-json\/wp\/v2\/posts"}],"about":[{"href":"https:\/\/crucialnuevaepoca.com\/web\/wp-json\/wp\/v2\/types\/post"}],"author":[{"embeddable":true,"href":"https:\/\/crucialnuevaepoca.com\/web\/wp-json\/wp\/v2\/users\/2"}],"replies":[{"embeddable":true,"href":"https:\/\/crucialnuevaepoca.com\/web\/wp-json\/wp\/v2\/comments?post=10181"}],"version-history":[{"count":1,"href":"https:\/\/crucialnuevaepoca.com\/web\/wp-json\/wp\/v2\/posts\/10181\/revisions"}],"predecessor-version":[{"id":10184,"href":"https:\/\/crucialnuevaepoca.com\/web\/wp-json\/wp\/v2\/posts\/10181\/revisions\/10184"}],"wp:featuredmedia":[{"embeddable":true,"href":"https:\/\/crucialnuevaepoca.com\/web\/wp-json\/wp\/v2\/media\/10182"}],"wp:attachment":[{"href":"https:\/\/crucialnuevaepoca.com\/web\/wp-json\/wp\/v2\/media?parent=10181"}],"wp:term":[{"taxonomy":"category","embeddable":true,"href":"https:\/\/crucialnuevaepoca.com\/web\/wp-json\/wp\/v2\/categories?post=10181"},{"taxonomy":"post_tag","embeddable":true,"href":"https:\/\/crucialnuevaepoca.com\/web\/wp-json\/wp\/v2\/tags?post=10181"}],"curies":[{"name":"wp","href":"https:\/\/api.w.org\/{rel}","templated":true}]}}