{"id":10375,"date":"2025-01-16T14:37:12","date_gmt":"2025-01-16T21:37:12","guid":{"rendered":"https:\/\/crucialnuevaepoca.com\/web\/?p=10375"},"modified":"2025-01-16T14:37:12","modified_gmt":"2025-01-16T21:37:12","slug":"detienen-al-expresidente-de-la-cooperativa-la-cruz-azul-guillermo-alvarez-cuevas","status":"publish","type":"post","link":"https:\/\/crucialnuevaepoca.com\/web\/2025\/01\/16\/detienen-al-expresidente-de-la-cooperativa-la-cruz-azul-guillermo-alvarez-cuevas\/","title":{"rendered":"Detienen al expresidente de la Cooperativa la Cruz Azul, Guillermo \u00c1lvarez Cuevas"},"content":{"rendered":"\n<p>Elementos de la Fiscal\u00eda General de la Rep\u00fablica (FGR) detuvieron al expresidente de la cooperativa y equipo de f\u00fatbol Cruz Azul, Guillermo H\u00e9ctor \u00c1lvarez Cuevas, alias \u2018Billy\u2019. Seg\u00fan confirmaron fuentes federales, la detenci\u00f3n se llev\u00f3 a cabo este jueves 16 de enero en la Ciudad de M\u00e9xico.<\/p>\n\n\n\n<p>\u2018Billy\u2019 \u00c1lvarez se encontraba pr\u00f3fugo de la justicia desde 2020, y reapareci\u00f3 en 2022 y 2023 en un par de videos en los que defend\u00eda que las acusaciones en su contra eran infundadas y \u201cla verdad\u201d era distinta.<\/p>\n\n\n\n<p>\u00c1lvarez Cuevas, exdirectivo del equipo de f\u00fatbol Cruz Azul, mantiene \u00f3rdenes de aprehensi\u00f3n a nivel federal por administraci\u00f3n fraudulenta, lavado de dinero y delincuencia organizada. Adem\u00e1s, \u2018Billy\u2019 manten\u00eda en su contra una ficha roja librada por la Interpol.<\/p>\n\n\n\n<p>Seg\u00fan el Registro Nacional de Detenciones, \u00c1lvarez Cuevas es descrito como una \u201cpersona del sexo masculino, altura 1.70, complexi\u00f3n delgada, tez blanco, cabello cano escaso\u201d, y al momento de su detenci\u00f3n vest\u00eda un pantal\u00f3n color azul, tenis color negro y sudadera tambi\u00e9n negra.<\/p>\n","protected":false},"excerpt":{"rendered":"<p>Elementos de la Fiscal\u00eda General de la Rep\u00fablica (FGR) detuvieron al expresidente de la cooperativa y equipo de f\u00fatbol Cruz Azul, Guillermo H\u00e9ctor \u00c1lvarez Cuevas, alias \u2018Billy\u2019. Seg\u00fan confirmaron fuentes federales, la detenci\u00f3n se llev\u00f3 a cabo este jueves 16 de enero en la Ciudad de M\u00e9xico. \u2018Billy\u2019 \u00c1lvarez se encontraba pr\u00f3fugo de la justicia [&hellip;]<\/p>\n","protected":false},"author":2,"featured_media":10376,"comment_status":"open","ping_status":"open","sticky":false,"template":"","format":"standard","meta":{"footnotes":""},"categories":[28,93],"tags":[2860,2858,2859],"class_list":["post-10375","post","type-post","status-publish","format-standard","has-post-thumbnail","hentry","category-nacional","category-principales","tag-cooperativa-cruz-azul","tag-detencion","tag-guillermo-alvarez"],"aioseo_notices":[],"_links":{"self":[{"href":"https:\/\/crucialnuevaepoca.com\/web\/wp-json\/wp\/v2\/posts\/10375","targetHints":{"allow":["GET"]}}],"collection":[{"href":"https:\/\/crucialnuevaepoca.com\/web\/wp-json\/wp\/v2\/posts"}],"about":[{"href":"https:\/\/crucialnuevaepoca.com\/web\/wp-json\/wp\/v2\/types\/post"}],"author":[{"embeddable":true,"href":"https:\/\/crucialnuevaepoca.com\/web\/wp-json\/wp\/v2\/users\/2"}],"replies":[{"embeddable":true,"href":"https:\/\/crucialnuevaepoca.com\/web\/wp-json\/wp\/v2\/comments?post=10375"}],"version-history":[{"count":1,"href":"https:\/\/crucialnuevaepoca.com\/web\/wp-json\/wp\/v2\/posts\/10375\/revisions"}],"predecessor-version":[{"id":10377,"href":"https:\/\/crucialnuevaepoca.com\/web\/wp-json\/wp\/v2\/posts\/10375\/revisions\/10377"}],"wp:featuredmedia":[{"embeddable":true,"href":"https:\/\/crucialnuevaepoca.com\/web\/wp-json\/wp\/v2\/media\/10376"}],"wp:attachment":[{"href":"https:\/\/crucialnuevaepoca.com\/web\/wp-json\/wp\/v2\/media?parent=10375"}],"wp:term":[{"taxonomy":"category","embeddable":true,"href":"https:\/\/crucialnuevaepoca.com\/web\/wp-json\/wp\/v2\/categories?post=10375"},{"taxonomy":"post_tag","embeddable":true,"href":"https:\/\/crucialnuevaepoca.com\/web\/wp-json\/wp\/v2\/tags?post=10375"}],"curies":[{"name":"wp","href":"https:\/\/api.w.org\/{rel}","templated":true}]}}