{"id":10439,"date":"2025-02-05T13:35:18","date_gmt":"2025-02-05T20:35:18","guid":{"rendered":"https:\/\/crucialnuevaepoca.com\/web\/?p=10439"},"modified":"2025-02-05T13:35:19","modified_gmt":"2025-02-05T20:35:19","slug":"invita-core33-a-sector-empresarial-a-aprovechar-informacion-estadistica-de-inegi","status":"publish","type":"post","link":"https:\/\/crucialnuevaepoca.com\/web\/2025\/02\/05\/invita-core33-a-sector-empresarial-a-aprovechar-informacion-estadistica-de-inegi\/","title":{"rendered":"Invita CORE33 a sector empresarial a aprovechar informaci\u00f3n estad\u00edstica de INEGI"},"content":{"rendered":"\n<p>El Colectivo de Organizaciones y Empresarios (CORE33) exhort\u00f3 a todo el sector empresarial a utilizar la informaci\u00f3n que permanentemente est\u00e1 generando el INEGI y que es muy \u00fatil para sectorizar el mercado y aplicar las mejores estrategias para llegar al p\u00fablico objetivo, y anunci\u00f3 una alianza con este instituto para un mejor uso de esa informaci\u00f3n.<\/p>\n\n\n\n<p>El presidente en turno del CORE33, Luis Enrique Bola\u00f1os Amador, expuso que la mejor forma de poner el ejemplo de c\u00f3mo utilizar la informaci\u00f3n de INEGI la dar\u00e1 CORE33 con dos cursos de capacitaci\u00f3n que le brindar\u00e1 el personal especializado del Instituto Nacional de Estad\u00edstica y Geograf\u00eda.<\/p>\n\n\n\n<p>Explic\u00f3 que estos cursos son un acuerdo que se tuvo con la Coordinadora Estatal del INEGI en Sinaloa, Leonor Scott Molina, a quien se tuvo como oradora invitada en la reuni\u00f3n quincenal de CORE33 que tuvo lugar este mi\u00e9rcoles.<\/p>\n\n\n\n<p>Explic\u00f3 que en este encuentro se conocieron en general los resultados oportunos de los Censos Econ\u00f3micos 2024 en Sinaloa, y con base en ello se tom\u00f3 la decisi\u00f3n de capacitarse para un mejor uso de esos datos.<br>Dentro de este acuerdo, a\u00f1adi\u00f3, quienes integran el CORE33 hacen el compromiso de apoyar al INEGI en la difusi\u00f3n de sus diferentes sistemas de informaci\u00f3n para que los empresarios y emprendedores aprovechen de mejor manera toda la informaci\u00f3n.<\/p>\n\n\n\n<p>Precis\u00f3 que la capacitaci\u00f3n a brindar por el instituto se dar\u00e1 en dos reuniones de dos horas cada una.<\/p>\n\n\n\n<p>En la primera, indic\u00f3, se brindar\u00e1 un panorama general de todos los sistemas de informaci\u00f3n que maneja el INEGI, de modo que los participantes podr\u00e1n elegir los temas que deber\u00e1n desarrollarse de manera m\u00e1s detallada en una segunda reuni\u00f3n de trabajo, incluso para analizar casos de \u00e9xito con base en el uso de la informaci\u00f3n del INEGI.<\/p>\n\n\n\n<p>Precis\u00f3 Bola\u00f1os Amador que para lograr una mayor participaci\u00f3n del empresariado, la capacitaci\u00f3n ser\u00e1 tanto presencial como virtual, de modo que quienes no puedan asistir f\u00edsicamente, s\u00ed puedan conectarse a trav\u00e9s de internet.<\/p>\n\n\n\n<p>Agreg\u00f3 que incluso el INEGI brinda la posibilidad de que las empresas puedan ser ubicadas en su plataforma Directorio Estad\u00edstico Nacional de Unidades Econ\u00f3micas (DENUE), en la que actualmente se ofrecen datos de m\u00e1s de seis millones de establecimientos que hay en M\u00e9xico, con excepci\u00f3n de las peque\u00f1as comunidades rurales, que son datos que van de identificaci\u00f3n, ubicaci\u00f3n, actividad econ\u00f3mica y tama\u00f1o.<\/p>\n\n\n\n<p>As\u00ed tambi\u00e9n ubicar en el de DENUE el Paseo del \u00c1ngel y el Andador de la Salud al igual que todas las empresas que se representan. a fin de fomentar la inversi\u00f3n de esta zona.<\/p>\n","protected":false},"excerpt":{"rendered":"<p>El Colectivo de Organizaciones y Empresarios (CORE33) exhort\u00f3 a todo el sector empresarial a utilizar la informaci\u00f3n que permanentemente est\u00e1 generando el INEGI y que es muy \u00fatil para sectorizar el mercado y aplicar las mejores estrategias para llegar al p\u00fablico objetivo, y anunci\u00f3 una alianza con este instituto para un mejor uso de esa [&hellip;]<\/p>\n","protected":false},"author":2,"featured_media":10436,"comment_status":"open","ping_status":"open","sticky":false,"template":"","format":"standard","meta":{"footnotes":""},"categories":[103,93],"tags":[1745,356],"class_list":["post-10439","post","type-post","status-publish","format-standard","has-post-thumbnail","hentry","category-camaras-y-colegios","category-principales","tag-core33","tag-inegi"],"aioseo_notices":[],"_links":{"self":[{"href":"https:\/\/crucialnuevaepoca.com\/web\/wp-json\/wp\/v2\/posts\/10439","targetHints":{"allow":["GET"]}}],"collection":[{"href":"https:\/\/crucialnuevaepoca.com\/web\/wp-json\/wp\/v2\/posts"}],"about":[{"href":"https:\/\/crucialnuevaepoca.com\/web\/wp-json\/wp\/v2\/types\/post"}],"author":[{"embeddable":true,"href":"https:\/\/crucialnuevaepoca.com\/web\/wp-json\/wp\/v2\/users\/2"}],"replies":[{"embeddable":true,"href":"https:\/\/crucialnuevaepoca.com\/web\/wp-json\/wp\/v2\/comments?post=10439"}],"version-history":[{"count":1,"href":"https:\/\/crucialnuevaepoca.com\/web\/wp-json\/wp\/v2\/posts\/10439\/revisions"}],"predecessor-version":[{"id":10440,"href":"https:\/\/crucialnuevaepoca.com\/web\/wp-json\/wp\/v2\/posts\/10439\/revisions\/10440"}],"wp:featuredmedia":[{"embeddable":true,"href":"https:\/\/crucialnuevaepoca.com\/web\/wp-json\/wp\/v2\/media\/10436"}],"wp:attachment":[{"href":"https:\/\/crucialnuevaepoca.com\/web\/wp-json\/wp\/v2\/media?parent=10439"}],"wp:term":[{"taxonomy":"category","embeddable":true,"href":"https:\/\/crucialnuevaepoca.com\/web\/wp-json\/wp\/v2\/categories?post=10439"},{"taxonomy":"post_tag","embeddable":true,"href":"https:\/\/crucialnuevaepoca.com\/web\/wp-json\/wp\/v2\/tags?post=10439"}],"curies":[{"name":"wp","href":"https:\/\/api.w.org\/{rel}","templated":true}]}}