{"id":10443,"date":"2025-02-07T14:20:52","date_gmt":"2025-02-07T21:20:52","guid":{"rendered":"https:\/\/crucialnuevaepoca.com\/web\/?p=10443"},"modified":"2025-02-07T14:20:53","modified_gmt":"2025-02-07T21:20:53","slug":"se-reune-el-rector-de-la-uas-con-representantes-del-foro-mar-de-cortes-empresarial-para-mejora-integral-de-la-region-y-se-integren-al-proyecto-del-corredor-cientifico","status":"publish","type":"post","link":"https:\/\/crucialnuevaepoca.com\/web\/2025\/02\/07\/se-reune-el-rector-de-la-uas-con-representantes-del-foro-mar-de-cortes-empresarial-para-mejora-integral-de-la-region-y-se-integren-al-proyecto-del-corredor-cientifico\/","title":{"rendered":"Se re\u00fane el Rector de la UAS con representantes del Foro Mar de Cort\u00e9s Empresarial, para mejora integral de la regi\u00f3n y se integren al proyecto del Corredor Cient\u00edfico"},"content":{"rendered":"\n<p>La Universidad Aut\u00f3noma de Sinaloa y el Foro Mar de Cort\u00e9s Empresarial se reunieron para sumar esfuerzos para la mejora de la regi\u00f3n mediante recursos humanos y tecnolog\u00eda para impulsar proyectos de investigaci\u00f3n y transferencia de tecnolog\u00edas que ayuden a atender las demandas derivadas del desarrollo econ\u00f3mico, social y ambiental de la regi\u00f3n.<\/p>\n\n\n\n<p>El doctor Jes\u00fas Madue\u00f1a Molina, Rector de la UAS, coment\u00f3 que esta sinergia es una oportunidad \u00fanica para que el sector educativo y las empresas se correlacionen para la mejora integral del Mar de Cort\u00e9s y, a su vez, que se integren al proyecto Corredor Cient\u00edfico, Acad\u00e9mico, Empresarial del Mar de Cort\u00e9s, formado por las Universidades Aut\u00f3nomas de Sinaloa, Nayarit, Baja California, Baja California Sur y la Universidad de Sonora.<\/p>\n\n\n\n<p>Entre los asistentes al Foro Mar de Cort\u00e9s Empresarial estuvieron el ingeniero Sergio Radam\u00e9s D\u00edaz Meza, Presidente Ejecutivo del Foro; el Director General, el licenciado Juan Pablo Yamuni Robles; el licenciado Sa\u00fal Iv\u00e1n Rubio Robles, como Soporte General; la licenciada Fernanda Ojeda Loya, como Soporte Administrativo y el licenciado Alberto Cruz Soto, Director de CODESIN Zona Norte.<\/p>\n\n\n\n<p>Mientras que los universitarios presentes fueron el Rector, el doctor Jes\u00fas Madue\u00f1a Molina; el Secretario Acad\u00e9mico, el doctor Jorge Mil\u00e1n Carrillo; el Director General de Investigaci\u00f3n y Posgrado, el doctor Mario Nieves Soto; el Director General de Vinculaci\u00f3n y Relaciones Internacionales, el doctor Jes\u00fas Enrique S\u00e1nchez Zazueta; el Vicerrector de la Zona Norte, el doctor Lauro C\u00e9sar Parra Aceviz; el Coordinador de la Oficina de Transferencia de Tecnolog\u00eda, el maestro Jorge Balc\u00e1zar Padilla y la representante de la DGIP Zona Norte, la doctora Lizbeth Ordu\u00f1o.<\/p>\n\n\n\n<p>Este Corredor representa una iniciativa acad\u00e9mica de este grupo de instituciones y de su respectivo personal acad\u00e9mico y administrativo, que tiene como objetivo general compartir conocimiento para la renovaci\u00f3n de la regi\u00f3n.<\/p>\n","protected":false},"excerpt":{"rendered":"<p>La Universidad Aut\u00f3noma de Sinaloa y el Foro Mar de Cort\u00e9s Empresarial se reunieron para sumar esfuerzos para la mejora de la regi\u00f3n mediante recursos humanos y tecnolog\u00eda para impulsar proyectos de investigaci\u00f3n y transferencia de tecnolog\u00edas que ayuden a atender las demandas derivadas del desarrollo econ\u00f3mico, social y ambiental de la regi\u00f3n. El doctor [&hellip;]<\/p>\n","protected":false},"author":2,"featured_media":10444,"comment_status":"open","ping_status":"open","sticky":false,"template":"","format":"standard","meta":{"footnotes":""},"categories":[122,93],"tags":[124,40,13,546],"class_list":["post-10443","post","type-post","status-publish","format-standard","has-post-thumbnail","hentry","category-educacion","category-principales","tag-rector-maduena","tag-sinaloa","tag-uas","tag-universidad-autonoma-de-sinaloa"],"aioseo_notices":[],"_links":{"self":[{"href":"https:\/\/crucialnuevaepoca.com\/web\/wp-json\/wp\/v2\/posts\/10443","targetHints":{"allow":["GET"]}}],"collection":[{"href":"https:\/\/crucialnuevaepoca.com\/web\/wp-json\/wp\/v2\/posts"}],"about":[{"href":"https:\/\/crucialnuevaepoca.com\/web\/wp-json\/wp\/v2\/types\/post"}],"author":[{"embeddable":true,"href":"https:\/\/crucialnuevaepoca.com\/web\/wp-json\/wp\/v2\/users\/2"}],"replies":[{"embeddable":true,"href":"https:\/\/crucialnuevaepoca.com\/web\/wp-json\/wp\/v2\/comments?post=10443"}],"version-history":[{"count":1,"href":"https:\/\/crucialnuevaepoca.com\/web\/wp-json\/wp\/v2\/posts\/10443\/revisions"}],"predecessor-version":[{"id":10445,"href":"https:\/\/crucialnuevaepoca.com\/web\/wp-json\/wp\/v2\/posts\/10443\/revisions\/10445"}],"wp:featuredmedia":[{"embeddable":true,"href":"https:\/\/crucialnuevaepoca.com\/web\/wp-json\/wp\/v2\/media\/10444"}],"wp:attachment":[{"href":"https:\/\/crucialnuevaepoca.com\/web\/wp-json\/wp\/v2\/media?parent=10443"}],"wp:term":[{"taxonomy":"category","embeddable":true,"href":"https:\/\/crucialnuevaepoca.com\/web\/wp-json\/wp\/v2\/categories?post=10443"},{"taxonomy":"post_tag","embeddable":true,"href":"https:\/\/crucialnuevaepoca.com\/web\/wp-json\/wp\/v2\/tags?post=10443"}],"curies":[{"name":"wp","href":"https:\/\/api.w.org\/{rel}","templated":true}]}}