{"id":10448,"date":"2025-02-13T15:35:54","date_gmt":"2025-02-13T22:35:54","guid":{"rendered":"https:\/\/crucialnuevaepoca.com\/web\/?p=10448"},"modified":"2025-02-13T15:35:55","modified_gmt":"2025-02-13T22:35:55","slug":"en-unidad-y-con-el-bienestar-como-elementos-primordiales-de-la-uas-y-sus-trabajadores-el-suntuas-seccion-administrativos-e-intendencia-festeja-su-52-aniversario","status":"publish","type":"post","link":"https:\/\/crucialnuevaepoca.com\/web\/2025\/02\/13\/en-unidad-y-con-el-bienestar-como-elementos-primordiales-de-la-uas-y-sus-trabajadores-el-suntuas-seccion-administrativos-e-intendencia-festeja-su-52-aniversario\/","title":{"rendered":"En unidad y con el bienestar como elementos primordiales de la UAS y sus trabajadores, el SUNTUAS Secci\u00f3n Administrativos e Intendencia festeja su 52 aniversario"},"content":{"rendered":"\n<p>El Sindicato \u00danico de Trabajadores de la Universidad Aut\u00f3noma de Sinaloa (UAS) SUNTUAS Secci\u00f3n Administrativos e Intendencia celebr\u00f3 su 52 Aniversario como una organizaci\u00f3n sindical s\u00f3lida y consolidada que hoy m\u00e1s que nunca refrenda la unidad como elemento primordial para el bienestar de los sindicalizados y de la propia instituci\u00f3n, en un evento que cont\u00f3 con la presencia del Rector, doctor Jes\u00fas Madue\u00f1a Molina.<\/p>\n\n\n\n<p>La Secretaria General Ejecutiva, maestra Maricela P\u00e9rez Carrillo, a trav\u00e9s de un video expres\u00f3 que la UAS es una de las mejores instituciones en gran parte por la labor de sus trabajadores que tienen un sentido de pertenencia universitaria, unidad y cohesi\u00f3n, y que siempre muestran una entrega total en sus actividades y que representan un orgullo para esta Secci\u00f3n.<\/p>\n\n\n\n<p>\u201cJusto eso es lo que debemos festejar el d\u00eda de hoy en este aniversario del SUNTUAS Administrativos e Intendencia: el trabajo realizado y la unidad que nos ha caracterizado, misma unidad que nos permiti\u00f3, no \u00fanicamente integrarnos como sindicato, sino que adem\u00e1s, defender a nuestra fuente de trabajo en distintos contextos\u201d, dijo al se\u00f1alar que el beneficio colectivo que siempre ha buscado el Sindicato es la educaci\u00f3n de calidad para los estudiantes y la estabilidad laboral para los trabajadores.<\/p>\n\n\n\n<p>\u201cVaya que no ha sido f\u00e1cil mantener vigente nuestra Autonom\u00eda, pero cr\u00e9anme que lo digo desde lo m\u00e1s profundo de mi ser, con el coraz\u00f3n en la mano amigas y amigos, cada acto, cada evento, cada marcha, cada movilizaci\u00f3n, cada caravana, cada crucero, cada espacio donde gritamos con toda nuestras fuerzas al un\u00edsono que viva la universidad, nos permite decir, que el sindicato est\u00e1 en buenas manos, ese ha sido y seguir\u00e1 siendo nuestro compromiso, y creo es la mejor forma de celebrar 52 a\u00f1os de vida\u201d, enfatiz\u00f3.<\/p>\n\n\n\n<figure class=\"wp-block-image size-full\"><img fetchpriority=\"high\" decoding=\"async\" width=\"850\" height=\"507\" src=\"http:\/\/crucialnuevaepoca.com\/web\/wp-content\/uploads\/2025\/02\/SUNTUAS-8.jpg\" alt=\"\" class=\"wp-image-10450\" srcset=\"https:\/\/crucialnuevaepoca.com\/web\/wp-content\/uploads\/2025\/02\/SUNTUAS-8.jpg 850w, https:\/\/crucialnuevaepoca.com\/web\/wp-content\/uploads\/2025\/02\/SUNTUAS-8-300x179.jpg 300w, https:\/\/crucialnuevaepoca.com\/web\/wp-content\/uploads\/2025\/02\/SUNTUAS-8-768x458.jpg 768w\" sizes=\"(max-width: 850px) 100vw, 850px\" \/><\/figure>\n\n\n\n<p>Precis\u00f3 que los universitarios sindicalistas deben ser vistos como aliados estrat\u00e9gicos para asegurar un mejor futuro para los sinaloenses, y ese es un compromiso tambi\u00e9n del SUNTUAS, por lo que le expres\u00f3 al Rector Madue\u00f1a Molina que en el Sindicato tiene \u201cun basti\u00f3n que conf\u00eda en sus decisiones\u201d y que est\u00e1n seguros de que por su temple, coraje y empat\u00eda a los trabajadores universitarios les seguir\u00e1 yendo bien durante su administraci\u00f3n.<\/p>\n\n\n\n<p>Por su parte el Rector Madue\u00f1a Molina, felicit\u00f3 al Sindicato por estos 52 a\u00f1os de historia y de lucha donde se han forjado muchos derechos y agradeci\u00f3 que en los momentos complicados que pas\u00f3 en los \u00faltimos dos a\u00f1os siempre los vio acompa\u00f1\u00e1ndolo, refrend\u00f3 que el compromiso es respetar todos los derechos plasmados en el Contrato Colectivo de Trabajo y a pesar de la gran presi\u00f3n en el tema del presupuesto se ha tratado de cumplir con esos compromisos y se crearon otros como la beca al desempe\u00f1o administrativo.<\/p>\n\n\n\n<p>\u201cLes expres\u00f3 un amplio reconocimiento por lo mucho que aportan a la gesti\u00f3n de los diversos asuntos que competen a la vida universitaria (\u2026) en estos a\u00f1os el SUNTUAS ha demostrado ser un defensor incansable de las causas de sus agremiados asumiendo con mucho empe\u00f1o y responsabilidad cada una de sus tareas en beneficio de toda la base\u201d, manifest\u00f3.<\/p>\n\n\n\n<p>Indic\u00f3 que el SUNTUAS ha sido un defensor de esta casa de estudios sum\u00e1ndose con determinaci\u00f3n a la lucha por las mejores condiciones de trabajo y para garantizar estabilidad en la instituci\u00f3n.<\/p>\n\n\n\n<p>\u201cMuchas gracias por ser parte de la historia y de la lucha universitaria, por aportar su madurez y sentido de pertinencia al desarrollo de una instituci\u00f3n que ha sido m\u00e1s que un centro de trabajo (\u2026) les reitero mi vocaci\u00f3n a favor de las causas de las y los trabajadores, me reitero el aliado de los trabajadores administrativos y de intendencia (\u2026) los invito a seguir trabajando como siempre: con dedicaci\u00f3n, con excelencia y amabilidad y especialmente con unidad, con esa esencia rosalina\u201d, extern\u00f3.<\/p>\n\n\n\n<p>Llam\u00f3 a los sindicalizados a que mantengan la unidad y la solidaridad porque la unidad debe seguir siendo el arma m\u00e1s importante de la comunidad universitaria.<\/p>\n\n\n\n<p>Por primera vez en este festejo se entreg\u00f3 Reconocimiento al M\u00e9rito Administrativo Sindical 2025 a 12 trabajadores que destacan por su trayectoria deportiva, cultural y sindical, y como parte de las actividades se realiz\u00f3 la Conferencia \u00abReformas Laborales: Origen, Evoluci\u00f3n y Consolidaci\u00f3n de Asociaciones de las y los Trabajadores\u00bb por el doctor Juan Luis R\u00edos.<\/p>\n\n\n\n<figure class=\"wp-block-image size-full\"><img decoding=\"async\" width=\"850\" height=\"503\" src=\"http:\/\/crucialnuevaepoca.com\/web\/wp-content\/uploads\/2025\/02\/SUNTUAS-9.jpg\" alt=\"\" class=\"wp-image-10451\" srcset=\"https:\/\/crucialnuevaepoca.com\/web\/wp-content\/uploads\/2025\/02\/SUNTUAS-9.jpg 850w, https:\/\/crucialnuevaepoca.com\/web\/wp-content\/uploads\/2025\/02\/SUNTUAS-9-300x178.jpg 300w, https:\/\/crucialnuevaepoca.com\/web\/wp-content\/uploads\/2025\/02\/SUNTUAS-9-768x454.jpg 768w\" sizes=\"(max-width: 850px) 100vw, 850px\" \/><\/figure>\n","protected":false},"excerpt":{"rendered":"<p>El Sindicato \u00danico de Trabajadores de la Universidad Aut\u00f3noma de Sinaloa (UAS) SUNTUAS Secci\u00f3n Administrativos e Intendencia celebr\u00f3 su 52 Aniversario como una organizaci\u00f3n sindical s\u00f3lida y consolidada que hoy m\u00e1s que nunca refrenda la unidad como elemento primordial para el bienestar de los sindicalizados y de la propia instituci\u00f3n, en un evento que cont\u00f3 [&hellip;]<\/p>\n","protected":false},"author":2,"featured_media":10449,"comment_status":"open","ping_status":"open","sticky":false,"template":"","format":"standard","meta":{"footnotes":""},"categories":[122,93],"tags":[589,124,40,608,13,546],"class_list":["post-10448","post","type-post","status-publish","format-standard","has-post-thumbnail","hentry","category-educacion","category-principales","tag-aniversario","tag-rector-maduena","tag-sinaloa","tag-suntuas-administrativos","tag-uas","tag-universidad-autonoma-de-sinaloa"],"aioseo_notices":[],"_links":{"self":[{"href":"https:\/\/crucialnuevaepoca.com\/web\/wp-json\/wp\/v2\/posts\/10448","targetHints":{"allow":["GET"]}}],"collection":[{"href":"https:\/\/crucialnuevaepoca.com\/web\/wp-json\/wp\/v2\/posts"}],"about":[{"href":"https:\/\/crucialnuevaepoca.com\/web\/wp-json\/wp\/v2\/types\/post"}],"author":[{"embeddable":true,"href":"https:\/\/crucialnuevaepoca.com\/web\/wp-json\/wp\/v2\/users\/2"}],"replies":[{"embeddable":true,"href":"https:\/\/crucialnuevaepoca.com\/web\/wp-json\/wp\/v2\/comments?post=10448"}],"version-history":[{"count":1,"href":"https:\/\/crucialnuevaepoca.com\/web\/wp-json\/wp\/v2\/posts\/10448\/revisions"}],"predecessor-version":[{"id":10452,"href":"https:\/\/crucialnuevaepoca.com\/web\/wp-json\/wp\/v2\/posts\/10448\/revisions\/10452"}],"wp:featuredmedia":[{"embeddable":true,"href":"https:\/\/crucialnuevaepoca.com\/web\/wp-json\/wp\/v2\/media\/10449"}],"wp:attachment":[{"href":"https:\/\/crucialnuevaepoca.com\/web\/wp-json\/wp\/v2\/media?parent=10448"}],"wp:term":[{"taxonomy":"category","embeddable":true,"href":"https:\/\/crucialnuevaepoca.com\/web\/wp-json\/wp\/v2\/categories?post=10448"},{"taxonomy":"post_tag","embeddable":true,"href":"https:\/\/crucialnuevaepoca.com\/web\/wp-json\/wp\/v2\/tags?post=10448"}],"curies":[{"name":"wp","href":"https:\/\/api.w.org\/{rel}","templated":true}]}}