{"id":1076,"date":"2022-01-15T14:54:06","date_gmt":"2022-01-15T21:54:06","guid":{"rendered":"http:\/\/crucialnuevaepoca.com\/web\/?p=1076"},"modified":"2022-01-15T14:54:08","modified_gmt":"2022-01-15T21:54:08","slug":"reitera-el-rector-el-llamado-a-la-poblacion-a-seguirse-cuidando","status":"publish","type":"post","link":"https:\/\/crucialnuevaepoca.com\/web\/2022\/01\/15\/reitera-el-rector-el-llamado-a-la-poblacion-a-seguirse-cuidando\/","title":{"rendered":"REITERA EL RECTOR EL LLAMADO A LA POBLACI\u00d3N A SEGUIRSE CUIDANDO"},"content":{"rendered":"\n<p>Desde el Cuartel de la Novena Zona Militar a donde acudi\u00f3 a aplicarse la dosis de la vacuna Moderna contra COVID-19 en la jornada de vacunaci\u00f3n al sector educativo, el Rector de la Universidad Aut\u00f3noma de Sinaloa (UAS), doctor Jes\u00fas Madue\u00f1a Molina, reiter\u00f3 el llamado a la comunidad universitaria y a la poblaci\u00f3n en general a seguirse cuidando en esta pandemia.<\/p>\n\n\n\n<p>\u201cEsto no se termina todav\u00eda, estamos en una cuarta ola que vamos empezando, creo que vamos a ver en el siguiente mes lo m\u00e1s fuerte, eso no es para que nos asuste, sino para que nos preocupemos, pero para cuidarnos con el uso de cubrebocas, la sana distancia, el gel y sobre todo aprovechar esta oportunidad para la vacuna\u201d, expres\u00f3 Madue\u00f1a Molina.<\/p>\n\n\n\n<figure class=\"wp-block-image size-full\"><img fetchpriority=\"high\" decoding=\"async\" width=\"850\" height=\"576\" src=\"http:\/\/crucialnuevaepoca.com\/web\/wp-content\/uploads\/2022\/01\/31-2.jpg\" alt=\"\" class=\"wp-image-1079\" srcset=\"https:\/\/crucialnuevaepoca.com\/web\/wp-content\/uploads\/2022\/01\/31-2.jpg 850w, https:\/\/crucialnuevaepoca.com\/web\/wp-content\/uploads\/2022\/01\/31-2-300x203.jpg 300w, https:\/\/crucialnuevaepoca.com\/web\/wp-content\/uploads\/2022\/01\/31-2-768x520.jpg 768w\" sizes=\"(max-width: 850px) 100vw, 850px\" \/><\/figure>\n\n\n\n<p>El Rector acudi\u00f3 al centro de vacunaci\u00f3n acompa\u00f1ado de su esposa y directora de la Unidad de Bienestar Universitario (UBU), maestra Sof\u00eda Angulo de Madue\u00f1a, quien tambi\u00e9n se aplic\u00f3 el refuerzo y exhort\u00f3 a los universitarios a vacunarse ya que el biol\u00f3gico es la mejor protecci\u00f3n para que en caso de contagiarse los s\u00edntomas sean leves.<\/p>\n\n\n\n<p>\u201cAprovechando la oportunidad de estar m\u00e1s protegido (\u2026) creo que tenemos la oportunidad de que nos est\u00e1n poniendo la vacuna en nuestra casa y hay que aprovecharla, somos un pa\u00eds privilegiado, aqu\u00ed hay que reconocer al se\u00f1or Presidente Andr\u00e9s Manuel L\u00f3pez Obrador que ha tenido a bien facilitarnos la vacuna y lo \u00fanico que tenemos que hacer es aprovecharla\u201d, expres\u00f3 Madue\u00f1a Molina.<\/p>\n\n\n\n<p>El dirigente universitario solicit\u00f3 al personal de la UAS que est\u00e9n al pendiente de la informaci\u00f3n que se genere porque el Comando Estatal de Vacunaci\u00f3n ya trabaja para que tambi\u00e9n tengan la oportunidad de recibir su refuerzo quienes est\u00e1n enfermos de COVID en estos momentos o est\u00e1n saliendo de la enfermedad y se\u00f1al\u00f3 que en el caso de la Universidad hay muchos trabajadores que, al retomarse las actividades el pasado 5 de enero, no pudieron reincorporarse porque hubo un poco de relajamiento en las vacaciones decembrinas y eso hizo que se enfermaran.<\/p>\n\n\n\n<figure class=\"wp-block-image size-full\"><img decoding=\"async\" width=\"850\" height=\"567\" src=\"http:\/\/crucialnuevaepoca.com\/web\/wp-content\/uploads\/2022\/01\/11-12.jpg\" alt=\"\" class=\"wp-image-1077\" srcset=\"https:\/\/crucialnuevaepoca.com\/web\/wp-content\/uploads\/2022\/01\/11-12.jpg 850w, https:\/\/crucialnuevaepoca.com\/web\/wp-content\/uploads\/2022\/01\/11-12-300x200.jpg 300w, https:\/\/crucialnuevaepoca.com\/web\/wp-content\/uploads\/2022\/01\/11-12-768x512.jpg 768w\" sizes=\"(max-width: 850px) 100vw, 850px\" \/><\/figure>\n\n\n\n<p>Opin\u00f3 que en esta cuarta ola no se ha visto mucha hospitalizaci\u00f3n, pero es de llamar la atenci\u00f3n que en otros pa\u00edses s\u00ed, como es Estados Unidos donde en 24 estados ya se saturaron los hospitales, por ello se deben extremar medidas y cuidados.<\/p>\n\n\n\n<p>En cuanto a las actividades de la Universidad, el Rector agreg\u00f3 que se contin\u00faa igual con las dos semanas de ex\u00e1menes presenciales cuidando todos los protocolos de salud y luego la semana de capacitaci\u00f3n para profesores, se mantiene la proyecci\u00f3n de inicio de semestre el 31 de enero y una semana antes se valorar\u00e1 para ver la modalidad en que se regresar\u00e1 a clases.<\/p>\n\n\n\n<p>Por su parte el doctor Gerardo Alapizco Castro, representante de la UAS en el Comando Estatal de Vacunaci\u00f3n inform\u00f3 que la jornada de vacunaci\u00f3n al sector educativo ha sido excelente, sin contratiempos y los maestros han respondido muy bien, adem\u00e1s de que el llamado que hizo el Rector a los universitarios de acudir a vacunarse fue acertado y han acudido a aplicarse el biol\u00f3gico.<\/p>\n","protected":false},"excerpt":{"rendered":"<p>Desde el Cuartel de la Novena Zona Militar a donde acudi\u00f3 a aplicarse la dosis de la vacuna Moderna contra COVID-19 en la jornada de vacunaci\u00f3n al sector educativo, el Rector de la Universidad Aut\u00f3noma de Sinaloa (UAS), doctor Jes\u00fas Madue\u00f1a Molina, reiter\u00f3 el llamado a la comunidad universitaria y a la poblaci\u00f3n en general [&hellip;]<\/p>\n","protected":false},"author":2,"featured_media":1078,"comment_status":"open","ping_status":"open","sticky":false,"template":"","format":"standard","meta":{"footnotes":""},"categories":[122,93],"tags":[130,154,194,124,2,40,13,132],"class_list":["post-1076","post","type-post","status-publish","format-standard","has-post-thumbnail","hentry","category-educacion","category-principales","tag-covid-19","tag-omicron","tag-pandemia","tag-rector-maduena","tag-salud","tag-sinaloa","tag-uas","tag-vacunas"],"aioseo_notices":[],"_links":{"self":[{"href":"https:\/\/crucialnuevaepoca.com\/web\/wp-json\/wp\/v2\/posts\/1076","targetHints":{"allow":["GET"]}}],"collection":[{"href":"https:\/\/crucialnuevaepoca.com\/web\/wp-json\/wp\/v2\/posts"}],"about":[{"href":"https:\/\/crucialnuevaepoca.com\/web\/wp-json\/wp\/v2\/types\/post"}],"author":[{"embeddable":true,"href":"https:\/\/crucialnuevaepoca.com\/web\/wp-json\/wp\/v2\/users\/2"}],"replies":[{"embeddable":true,"href":"https:\/\/crucialnuevaepoca.com\/web\/wp-json\/wp\/v2\/comments?post=1076"}],"version-history":[{"count":1,"href":"https:\/\/crucialnuevaepoca.com\/web\/wp-json\/wp\/v2\/posts\/1076\/revisions"}],"predecessor-version":[{"id":1080,"href":"https:\/\/crucialnuevaepoca.com\/web\/wp-json\/wp\/v2\/posts\/1076\/revisions\/1080"}],"wp:featuredmedia":[{"embeddable":true,"href":"https:\/\/crucialnuevaepoca.com\/web\/wp-json\/wp\/v2\/media\/1078"}],"wp:attachment":[{"href":"https:\/\/crucialnuevaepoca.com\/web\/wp-json\/wp\/v2\/media?parent=1076"}],"wp:term":[{"taxonomy":"category","embeddable":true,"href":"https:\/\/crucialnuevaepoca.com\/web\/wp-json\/wp\/v2\/categories?post=1076"},{"taxonomy":"post_tag","embeddable":true,"href":"https:\/\/crucialnuevaepoca.com\/web\/wp-json\/wp\/v2\/tags?post=1076"}],"curies":[{"name":"wp","href":"https:\/\/api.w.org\/{rel}","templated":true}]}}