{"id":10788,"date":"2025-10-10T15:37:39","date_gmt":"2025-10-10T22:37:39","guid":{"rendered":"https:\/\/crucialnuevaepoca.com\/web\/?p=10788"},"modified":"2025-10-10T15:37:40","modified_gmt":"2025-10-10T22:37:40","slug":"con-la-instalacion-de-345-mesas-y-851-urnas-se-desarrolla-de-manera-activa-participativa-y-transparente-en-todo-el-estado-la-consulta-que-definira-el-futuro-de-la-reingenieria-integral-universitaria","status":"publish","type":"post","link":"https:\/\/crucialnuevaepoca.com\/web\/2025\/10\/10\/con-la-instalacion-de-345-mesas-y-851-urnas-se-desarrolla-de-manera-activa-participativa-y-transparente-en-todo-el-estado-la-consulta-que-definira-el-futuro-de-la-reingenieria-integral-universitaria\/","title":{"rendered":"Con la instalaci\u00f3n de 345 mesas y 851 urnas, se desarrolla de manera activa, participativa y transparente en todo el estado la Consulta que definir\u00e1 el futuro de la Reingenier\u00eda Integral Universitaria"},"content":{"rendered":"\n<p>La hist\u00f3rica jornada de Consulta de la Universidad Aut\u00f3noma de Sinaloa (UAS), en relaci\u00f3n con la Reingenier\u00eda Integral universitaria, se desarrolla de manera activa, participativa y transparente en todo el estado con la instalaci\u00f3n de 345 mesas y 851 urnas, destinadas a atender a 20 mil votantes en las distintas unidades acad\u00e9micas y regionales, resalt\u00f3 Tiojari Guzm\u00e1n Galindo.<\/p>\n\n\n\n<p>El presidente de la Comisi\u00f3n de Elecciones y Consultas del Honorable Consejo Universitario detall\u00f3 que desde las ocho de la ma\u00f1ana los delegados comenzaron a supervisar la instalaci\u00f3n de las mesas en las unidades regionales: norte, sur, centro-norte y centro; quienes afirmaron que todo estaba preparado para recibir a la comunidad universitaria.<\/p>\n\n\n\n<p>\u201cHay un alto inter\u00e9s por parte de la comunidad universitaria de expresar su opini\u00f3n. Decirles que sigamos unidos, caminando con visi\u00f3n para construir una universidad fuerte, sustentable y mejorar todas las condiciones financieras y laborales. Muchas gracias a todos por su participaci\u00f3n\u201d, explic\u00f3.<\/p>\n\n\n\n<p>El acad\u00e9mico asegur\u00f3 que la consulta se realiza en estricto apego a la Ley Org\u00e1nica Universitaria, el Estatuto General, el Reglamento de Elecciones y Consultas y la Ley General de Educaci\u00f3n Superior.<\/p>\n\n\n\n<p>\u201cEs el propio Consejo Universitario, como m\u00e1ximo \u00f3rgano de gobierno, quien manda a llevar a cabo esta consulta, y tambi\u00e9n los consejeros son responsables de recolectar los votos de la comunidad universitaria\u201d, destac\u00f3.<\/p>\n\n\n\n<p>Puntualiz\u00f3 que los delegados recibieron capacitaci\u00f3n dos d\u00edas antes de la jornada para garantizar el correcto desarrollo del proceso.<\/p>\n\n\n\n<p>\u201cEllos est\u00e1n presentes en sus puntos, donde hicieron la instalaci\u00f3n de sus mesas, con la colocaci\u00f3n de las urnas, tienen los padrones listos para recibir a la comunidad universitaria: docentes, acad\u00e9micos, investigadores, administrativos y de confianza y en algunos puntos los jubilados porque el H. consejo Universitario mandato que se atendiera el voto de los jubilados\u201d, se\u00f1al\u00f3 Guzm\u00e1n Galindo.<\/p>\n\n\n\n<p>Coment\u00f3 que el proceso concluir\u00e1 a las 17:00 horas, tras lo cual los delegados realizar\u00e1n el conteo de votos, el cierre de actas y la entrega de los paquetes a la Comisi\u00f3n de Elecciones y Consultas.<\/p>\n\n\n\n<p>A las 8 de la ma\u00f1ana, personal jubilado acudi\u00f3 al punto de levantamiento de la Consulta para cumplir con responsabilidad y empat\u00eda con la instituci\u00f3n que durante a\u00f1os fue su fuente de trabajo y que hasta la fecha les ha permitido gozar de un retiro digno, as\u00ed lo manifestaron los primeros votantes Mar\u00eda Isela Mu\u00f1oz, el doctor Rafael Valdez Aguilar y Miriam R\u00edos Morgan tras depositar su boleta en las urnas instaladas en el Edificio Central, en la Unidad Regional Centro.<\/p>\n\n\n\n<p>\u00abEstoy muy agradecida con la universidad porque es muy generosa (\u2026) es momento de ser emp\u00e1ticos\u00bb, extern\u00f3 la primera.<\/p>\n\n\n\n<p>\u00abA que se asumen, nos sumemos todos, sino nuestra universidad puede tener problemas muy serios\u00bb, expres\u00f3 el doctor Valdez Aguilar.<\/p>\n\n\n\n<p>\u00abEs muy importante la participaci\u00f3n de todos los universitarios, porque esta reingenier\u00eda era necesaria y se hab\u00eda emprendido anteriormente (\u2026) con relaci\u00f3n a que aportemos al fideicomiso, y es lo que se va a hacer en esta ocasi\u00f3n, aportar, si queremos ser solidarios con la instituci\u00f3n y con todos los trabajadores\u00bb, declar\u00f3 R\u00edos Morgan.<\/p>\n\n\n\n<p>Otro de los espacios que desde temprana hora registr\u00f3 un alta participaci\u00f3n fue la Casa de la Cultura; ah\u00ed la delegada responsable de atender el proceso, Liliana Jacobo, inform\u00f3 que se instalaron 15 mesas y un total de 27 urnas para levantar la opini\u00f3n de los trabajadores universitarios de unidades acad\u00e9micas y organizacionales como la direcci\u00f3n de Deportes, el Bufete Jur\u00eddico, direcci\u00f3n de Personal, Defensor\u00eda de los Derechos Universitarios, Servicios Estudiantiles, Centro Cultural Culiacancito, entre otros.<\/p>\n\n\n\n<p>En la Preparatoria Central Diurna, al igual que, la Preparatoria Hermanos Flores Mag\u00f3n la consulta se desarroll\u00f3 de manera tranquila y fluida, donde trabajadores como Consuelo P\u00e9rez se posicionaron a favor de la Reingenier\u00eda Integral Universitaria, invitando a dem\u00e1s compa\u00f1eros universitarios a hacer valer su voz en esta jornada.<\/p>\n\n\n\n<p>\u00abEs algo que es importante que, pues va a hacer un cambio para beneficio tambi\u00e9n de las nuevas generaciones que est\u00e1n por venir, y pues apoyando a la Reingenier\u00eda\u00bb, manifest\u00f3.<\/p>\n\n\n\n<p>En el Campus \u201cDr. Carlos Alfredo Zambada Sent\u00edes\u201d, se ha podido ver una nutrida participaci\u00f3n de sus cuatro unidades acad\u00e9micas: Medicina, Trabajo Social, Ciencias de la Educaci\u00f3n y Ciencias de la Nutrici\u00f3n y Gastronom\u00eda.<\/p>\n\n\n\n<p>\u201cTenemos un proceso muy tranquilo, en media hora han votado veinte personas; muy tranquilo, muy cooperativo y esperemos que as\u00ed transcurra durante todo el d\u00eda\u201d, dijo la doctora Daniela Guti\u00e9rrez Amarillas, directora de la Facultad de Ciencias de la Nutrici\u00f3n y Gastronom\u00eda.<\/p>\n\n\n\n<p>\u00abHa estado tranquilo, hemos tenido la cooperaci\u00f3n de la Facultad y de los maestros, esperamos que todos tengan la posibilidad de votar\u00bb, dijo Luis Alberto Gonz\u00e1lez Garc\u00eda, director de la Facultad de Medicina.<\/p>\n\n\n\n<p>En Ciudad Universitaria, las diversas unidades tanto acad\u00e9micas como administrativas se vieron desde temprana con una copiosa participaci\u00f3n de trabajadores, quienes desde temprano acudieron a emitir su opini\u00f3n sobre el futuro de la Reingenier\u00eda Integral.<\/p>\n\n\n\n<p>\u201cYo considero que es necesaria una Reingenier\u00eda en todos los aspectos para una mejora Universidad\u201d, indic\u00f3 Sergio Enrique Beltr\u00e1n Noriega, docente adscrito a la Facultad de Contadur\u00eda y Administraci\u00f3n.<\/p>\n\n\n\n<p>\u201cCreo que estamos en un momento hist\u00f3rico e importante para las y los universitarios para emitir nuestra opini\u00f3n, nuestro voto a la Reingenier\u00eda Universitaria y creo que es un proceso democr\u00e1tico; los invitamos a que vengan y participen, porque precisamente se declara lo que es el futuro de la Universidad\u201d, coment\u00f3 Lisbeth Garc\u00eda Montoya, investigadora adscrita al Posgrado de la Facultad de Derecho.<\/p>\n\n\n\n<p>Asimismo, personal delegado supervisa la instalaci\u00f3n de urnas y el desarrollo del proceso en las diferentes unidades organizacionales del Campus Rafael Buelna Tenorio. Desde temprana hora, las y los universitarios comenzaron a concentrarse en la Torre de Rector\u00eda, punto central del proceso, donde las urnas fueron instaladas bajo la coordinaci\u00f3n de las personas delegadas.<\/p>\n\n\n\n<p>\u201cEn punto de las ocho de la ma\u00f1ana, la primera persona en votar fue nuestra secretaria general, doctora Yuniba Brun Corona y desde entonces ha sido una jornada tranquila (\u2026) les solicitamos a los compa\u00f1eros universitarios que vengan a votar, que se presenten con alguna identificaci\u00f3n\u201d, precis\u00f3, doctora Giannina Dalle Mese Zavala, docente de la Facultad de Ciencias de la Tierra y el Espacio.<\/p>\n\n\n\n<p>\u201cNos coordinamos de una manera muy favorable, estamos totalmente organizados y en punto de las ocho de la ma\u00f1ana iniciamos con estas votaciones para darle certidumbre a la universidad\u201d, coment\u00f3 Paul Carl\u00f3n Garc\u00eda, docente de la Facultad de Psicolog\u00eda.<\/p>\n","protected":false},"excerpt":{"rendered":"<p>La hist\u00f3rica jornada de Consulta de la Universidad Aut\u00f3noma de Sinaloa (UAS), en relaci\u00f3n con la Reingenier\u00eda Integral universitaria, se desarrolla de manera activa, participativa y transparente en todo el estado con la instalaci\u00f3n de 345 mesas y 851 urnas, destinadas a atender a 20 mil votantes en las distintas unidades acad\u00e9micas y regionales, resalt\u00f3 [&hellip;]<\/p>\n","protected":false},"author":3,"featured_media":10789,"comment_status":"open","ping_status":"open","sticky":false,"template":"","format":"standard","meta":{"footnotes":""},"categories":[122,93],"tags":[],"class_list":["post-10788","post","type-post","status-publish","format-standard","has-post-thumbnail","hentry","category-educacion","category-principales"],"aioseo_notices":[],"_links":{"self":[{"href":"https:\/\/crucialnuevaepoca.com\/web\/wp-json\/wp\/v2\/posts\/10788","targetHints":{"allow":["GET"]}}],"collection":[{"href":"https:\/\/crucialnuevaepoca.com\/web\/wp-json\/wp\/v2\/posts"}],"about":[{"href":"https:\/\/crucialnuevaepoca.com\/web\/wp-json\/wp\/v2\/types\/post"}],"author":[{"embeddable":true,"href":"https:\/\/crucialnuevaepoca.com\/web\/wp-json\/wp\/v2\/users\/3"}],"replies":[{"embeddable":true,"href":"https:\/\/crucialnuevaepoca.com\/web\/wp-json\/wp\/v2\/comments?post=10788"}],"version-history":[{"count":1,"href":"https:\/\/crucialnuevaepoca.com\/web\/wp-json\/wp\/v2\/posts\/10788\/revisions"}],"predecessor-version":[{"id":10790,"href":"https:\/\/crucialnuevaepoca.com\/web\/wp-json\/wp\/v2\/posts\/10788\/revisions\/10790"}],"wp:featuredmedia":[{"embeddable":true,"href":"https:\/\/crucialnuevaepoca.com\/web\/wp-json\/wp\/v2\/media\/10789"}],"wp:attachment":[{"href":"https:\/\/crucialnuevaepoca.com\/web\/wp-json\/wp\/v2\/media?parent=10788"}],"wp:term":[{"taxonomy":"category","embeddable":true,"href":"https:\/\/crucialnuevaepoca.com\/web\/wp-json\/wp\/v2\/categories?post=10788"},{"taxonomy":"post_tag","embeddable":true,"href":"https:\/\/crucialnuevaepoca.com\/web\/wp-json\/wp\/v2\/tags?post=10788"}],"curies":[{"name":"wp","href":"https:\/\/api.w.org\/{rel}","templated":true}]}}