{"id":1182,"date":"2022-01-19T10:58:27","date_gmt":"2022-01-19T17:58:27","guid":{"rendered":"http:\/\/crucialnuevaepoca.com\/web\/?p=1182"},"modified":"2022-01-19T10:58:29","modified_gmt":"2022-01-19T17:58:29","slug":"amlo-confia-en-que-espana-de-su-beneplacito-para-nombrar-embajador-a-quirino-ordaz","status":"publish","type":"post","link":"https:\/\/crucialnuevaepoca.com\/web\/2022\/01\/19\/amlo-confia-en-que-espana-de-su-beneplacito-para-nombrar-embajador-a-quirino-ordaz\/","title":{"rendered":"AMLO CONF\u00cdA EN QUE ESPA\u00d1A D\u00c9 SU BENEPL\u00c1CITO PARA NOMBRAR EMBAJADOR A QUIRINO ORDAZ"},"content":{"rendered":"\n<p>El titular del Ejecutivo destac\u00f3 que aunque sus adversarios quieran que exista un conflicto entre el Gobierno de Espa\u00f1a y M\u00e9xico, las relaciones entre ambas naciones \u201cest\u00e1n bien\u201d, aunque acept\u00f3 que existen discrepancias.<br>Ciudad de M\u00e9xico, 19 de enero (EFE).- El Presidente Andr\u00e9s Manuel L\u00f3pez Obrador expres\u00f3 este mi\u00e9rcoles su esperanza de que en los pr\u00f3ximos d\u00edas Espa\u00f1a acepte el nombramiento del exgobernador de Sinaloa, Quirino Ordaz, como Embajador de M\u00e9xico en aquel pa\u00eds.<\/p>\n\n\n\n<p>\u201cVa bien, es un proceso tarda, pero no ha habido ninguna notificaci\u00f3n del Gobierno de Espa\u00f1a de que no acepten a Quirino Ordaz como Embajador. Yo creo que ya en unos d\u00edas m\u00e1s se va a dar el benepl\u00e1cito, no hay ning\u00fan motivo para que no se acepte\u201d, dijo el mandatario durante su conferencia de prensa matutina desde Palacio Nacional.<\/p>\n\n\n\n<p>Agreg\u00f3 que, pese a que sus adversarios quisieran que hubiese un conflicto con el Gobierno espa\u00f1ol, las relaciones entre ambas naciones \u201cest\u00e1n bien\u201d, aunque acept\u00f3 que existen discrepancias, especialmente porque Espa\u00f1a no acept\u00f3 ofrecer una disculpa por la conquista para reiniciar una nueva relaci\u00f3n bilateral.<\/p>\n\n\n\n<p>\u201cNosotros est\u00e1bamos planteando que se ofrecieran disculpas como lo hemos hecho nosotros para reiniciar una nueva etapa de reconciliaci\u00f3n, de m\u00e1s cercan\u00eda, de hermandad, pero lo tomaron a mal, ni siquiera me respondieron la carta\u201d, lament\u00f3.<\/p>\n\n\n\n<p>Sin embargo, asegur\u00f3 que \u201ceso ya pas\u00f3\u201d y pidi\u00f3 que cada quien asuma su responsabilidad, aunque afirm\u00f3 que la disculpa \u201chubiera ayudado mucho, pues es muy importante pedir perd\u00f3n\u201d y dijo que los pueblos originarios merec\u00edan una disculpa.<\/p>\n\n\n\n<p>L\u00f3pez Obrador reiter\u00f3 que antes exist\u00eda una estrecha relaci\u00f3n de Espa\u00f1a con los gobiernos neoliberales y las empresas de esa naci\u00f3n pues \u201chac\u00edan lo que quer\u00edan\u201d en M\u00e9xico, especialmente en los gobiernos de Vicente Fox (2000-2006), Felipe Calder\u00f3n (2006-2012) y Enrique Pe\u00f1a Nieto (2012-2018).<\/p>\n\n\n\n<p>\u201cNos ve\u00edan como tierra de conquista, nos ve\u00edan como una segunda conquista, pero eso ya se acab\u00f3. Hay pruebas abundantes de eso con Repsol, OHL e Iberdrola\u201d, remat\u00f3.<\/p>\n\n\n\n<p>Sobre las propuestas para integrar el servicio exterior que han generado pol\u00e9mica como la del historiador Pedro Salmer\u00f3n, y los exgobernadores del PRI, Claudia Pavlovich y Alejandro Aysa, el mandatario dijo que el Senado es el que tendr\u00e1 que aprobarlos.<\/p>\n\n\n\n<p>\u201cYo habl\u00e9 con ellos en su momento y le encargu\u00e9 a la SRE (Secretar\u00eda de Relaciones Exteriores) que estableciera comunicaci\u00f3n y se iniciaran los tr\u00e1mites nada m\u00e1s, pero son nuestras propuestas, el Senado va a decidir sobre esto\u201d, expres\u00f3.<\/p>\n","protected":false},"excerpt":{"rendered":"<p>El titular del Ejecutivo destac\u00f3 que aunque sus adversarios quieran que exista un conflicto entre el Gobierno de Espa\u00f1a y M\u00e9xico, las relaciones entre ambas naciones \u201cest\u00e1n bien\u201d, aunque acept\u00f3 que existen discrepancias.Ciudad de M\u00e9xico, 19 de enero (EFE).- El Presidente Andr\u00e9s Manuel L\u00f3pez Obrador expres\u00f3 este mi\u00e9rcoles su esperanza de que en los pr\u00f3ximos [&hellip;]<\/p>\n","protected":false},"author":2,"featured_media":1165,"comment_status":"open","ping_status":"open","sticky":false,"template":"","format":"standard","meta":{"footnotes":""},"categories":[28,93],"tags":[314,359,393,392],"class_list":["post-1182","post","type-post","status-publish","format-standard","has-post-thumbnail","hentry","category-nacional","category-principales","tag-amlo","tag-embajador","tag-espana","tag-quirino-ordaz"],"aioseo_notices":[],"_links":{"self":[{"href":"https:\/\/crucialnuevaepoca.com\/web\/wp-json\/wp\/v2\/posts\/1182","targetHints":{"allow":["GET"]}}],"collection":[{"href":"https:\/\/crucialnuevaepoca.com\/web\/wp-json\/wp\/v2\/posts"}],"about":[{"href":"https:\/\/crucialnuevaepoca.com\/web\/wp-json\/wp\/v2\/types\/post"}],"author":[{"embeddable":true,"href":"https:\/\/crucialnuevaepoca.com\/web\/wp-json\/wp\/v2\/users\/2"}],"replies":[{"embeddable":true,"href":"https:\/\/crucialnuevaepoca.com\/web\/wp-json\/wp\/v2\/comments?post=1182"}],"version-history":[{"count":1,"href":"https:\/\/crucialnuevaepoca.com\/web\/wp-json\/wp\/v2\/posts\/1182\/revisions"}],"predecessor-version":[{"id":1183,"href":"https:\/\/crucialnuevaepoca.com\/web\/wp-json\/wp\/v2\/posts\/1182\/revisions\/1183"}],"wp:featuredmedia":[{"embeddable":true,"href":"https:\/\/crucialnuevaepoca.com\/web\/wp-json\/wp\/v2\/media\/1165"}],"wp:attachment":[{"href":"https:\/\/crucialnuevaepoca.com\/web\/wp-json\/wp\/v2\/media?parent=1182"}],"wp:term":[{"taxonomy":"category","embeddable":true,"href":"https:\/\/crucialnuevaepoca.com\/web\/wp-json\/wp\/v2\/categories?post=1182"},{"taxonomy":"post_tag","embeddable":true,"href":"https:\/\/crucialnuevaepoca.com\/web\/wp-json\/wp\/v2\/tags?post=1182"}],"curies":[{"name":"wp","href":"https:\/\/api.w.org\/{rel}","templated":true}]}}