{"id":1187,"date":"2022-01-19T14:23:35","date_gmt":"2022-01-19T21:23:35","guid":{"rendered":"http:\/\/crucialnuevaepoca.com\/web\/?p=1187"},"modified":"2022-01-19T14:23:37","modified_gmt":"2022-01-19T21:23:37","slug":"se-suspende-el-maraton-de-culiacan-debido-a-la-pandemia","status":"publish","type":"post","link":"https:\/\/crucialnuevaepoca.com\/web\/2022\/01\/19\/se-suspende-el-maraton-de-culiacan-debido-a-la-pandemia\/","title":{"rendered":"SE SUSPENDE EL MARAT\u00d3N DE CULIAC\u00c1N DEBIDO A LA PANDEMIA"},"content":{"rendered":"\n<p>Culiac\u00e1n, Sinaloa &#8211; Debido al alto n\u00famero de contagios de COVID 19 y para preservar la salud de los participantes y p\u00fablico en general, el gobernador Rub\u00e9n Rocha Moya gir\u00f3 instrucciones al secretario de Salud, H\u00e9ctor Melesio Cu\u00e9n Ojeda, para suspender hasta nuevo aviso la realizaci\u00f3n del XXII Marat\u00f3n Internacional de Culiac\u00e1n, el cual se ten\u00eda previsto celebrarse este domingo pr\u00f3ximo.<\/p>\n\n\n\n<p>El mandatario estatal tom\u00f3 dicha determinaci\u00f3n en coordinaci\u00f3n con el presidente municipal de Culiac\u00e1n, Jes\u00fas Estrada Ferreiro, aunque en escenarios de pandemia, como el actual, la Constituci\u00f3n otorga la facultad exclusiva a las autoridades de salubridad, en este caso la Secretar\u00eda de Salud estatal, autorizar o cancelar la realizaci\u00f3n de eventos p\u00fablicos de alta congregaci\u00f3n de personas.<\/p>\n\n\n\n<p>Cabe destacar que de acuerdo a lo informado por el Comit\u00e9 Organizador del Marat\u00f3n de Culiac\u00e1n, ya estaban inscritos y preparados para participar este domingo 23 de enero un total de 3 mil 500 atletas, tanto de Sinaloa como de otros estados de la Rep\u00fablica y del extranjero, pues las \u00faltimas ediciones han sido ganadas por corredores de Kenia, que mantienen una hegemon\u00eda en este tipo de pruebas de 42 kil\u00f3metros de recorrido.<\/p>\n","protected":false},"excerpt":{"rendered":"<p>Culiac\u00e1n, Sinaloa &#8211; Debido al alto n\u00famero de contagios de COVID 19 y para preservar la salud de los participantes y p\u00fablico en general, el gobernador Rub\u00e9n Rocha Moya gir\u00f3 instrucciones al secretario de Salud, H\u00e9ctor Melesio Cu\u00e9n Ojeda, para suspender hasta nuevo aviso la realizaci\u00f3n del XXII Marat\u00f3n Internacional de Culiac\u00e1n, el cual se [&hellip;]<\/p>\n","protected":false},"author":2,"featured_media":1188,"comment_status":"open","ping_status":"open","sticky":false,"template":"","format":"standard","meta":{"footnotes":""},"categories":[93,31],"tags":[130,115,258,396],"class_list":["post-1187","post","type-post","status-publish","format-standard","has-post-thumbnail","hentry","category-principales","category-deportes","tag-covid-19","tag-culiacan-2","tag-maraton","tag-suspendido"],"aioseo_notices":[],"_links":{"self":[{"href":"https:\/\/crucialnuevaepoca.com\/web\/wp-json\/wp\/v2\/posts\/1187","targetHints":{"allow":["GET"]}}],"collection":[{"href":"https:\/\/crucialnuevaepoca.com\/web\/wp-json\/wp\/v2\/posts"}],"about":[{"href":"https:\/\/crucialnuevaepoca.com\/web\/wp-json\/wp\/v2\/types\/post"}],"author":[{"embeddable":true,"href":"https:\/\/crucialnuevaepoca.com\/web\/wp-json\/wp\/v2\/users\/2"}],"replies":[{"embeddable":true,"href":"https:\/\/crucialnuevaepoca.com\/web\/wp-json\/wp\/v2\/comments?post=1187"}],"version-history":[{"count":1,"href":"https:\/\/crucialnuevaepoca.com\/web\/wp-json\/wp\/v2\/posts\/1187\/revisions"}],"predecessor-version":[{"id":1189,"href":"https:\/\/crucialnuevaepoca.com\/web\/wp-json\/wp\/v2\/posts\/1187\/revisions\/1189"}],"wp:featuredmedia":[{"embeddable":true,"href":"https:\/\/crucialnuevaepoca.com\/web\/wp-json\/wp\/v2\/media\/1188"}],"wp:attachment":[{"href":"https:\/\/crucialnuevaepoca.com\/web\/wp-json\/wp\/v2\/media?parent=1187"}],"wp:term":[{"taxonomy":"category","embeddable":true,"href":"https:\/\/crucialnuevaepoca.com\/web\/wp-json\/wp\/v2\/categories?post=1187"},{"taxonomy":"post_tag","embeddable":true,"href":"https:\/\/crucialnuevaepoca.com\/web\/wp-json\/wp\/v2\/tags?post=1187"}],"curies":[{"name":"wp","href":"https:\/\/api.w.org\/{rel}","templated":true}]}}