{"id":1190,"date":"2022-01-19T14:50:33","date_gmt":"2022-01-19T21:50:33","guid":{"rendered":"http:\/\/crucialnuevaepoca.com\/web\/?p=1190"},"modified":"2022-01-19T14:50:34","modified_gmt":"2022-01-19T21:50:34","slug":"aplazan-apertura-del-campo-de-girasoles-de-mocorito","status":"publish","type":"post","link":"https:\/\/crucialnuevaepoca.com\/web\/2022\/01\/19\/aplazan-apertura-del-campo-de-girasoles-de-mocorito\/","title":{"rendered":"APLAZAN APERTURA DEL CAMPO DE GIRASOLES DE MOCORITO"},"content":{"rendered":"\n<p>El d\u00eda de hoy sesion\u00f3 el Comit\u00e9 Municipal de Salud de Mocorito para consensuar decisiones, como la pr\u00f3xima apertura del Campo de Girasoles, la cual se aplaz\u00f3 para un periodo en el que si las condiciones lo permiten, se estar\u00edan abriendo las puertas al p\u00fablico para la pr\u00f3xima semana.<\/p>\n\n\n\n<p>Con base en ello, la alcaldesa, Mar\u00eda Elizalde explic\u00f3 que de nueva cuenta y conforme a lo acordado, tuvieron actividad en dicho comit\u00e9, el cual, tras haber cumplido los 15 d\u00edas establecidos para receso de actividades a manera de prevenci\u00f3n; hoy retomaron asuntos pendientes para volver a consensuar decisiones tomando en cuenta las recomendaciones del sector salud.<\/p>\n\n\n\n<p>En ese sentido, especific\u00f3 que aguardar\u00e1n cinco d\u00edas m\u00e1s, por lo que continuar\u00e1n en espera durante estos d\u00edas y pendientes de las indicaciones del sector salud.<br>De igual manera, agradeci\u00f3 la participaci\u00f3n y sugerencias, tanto de funcionarios municipales, como de sus compa\u00f1eros de las diferentes \u00e1reas de gobierno estatal, entre ellos, autoridades de la Secretar\u00eda de Turismo, como Mar\u00eda Fernanda Manzanares, adem\u00e1s de los representantes del sector salud, como el doctor, Patricio Cuadras, Jefe de la Jurisdicci\u00f3n Sanitaria III, el titular de Coepriss en la regi\u00f3n, Manuel Ceyca. Asimismo, a los representantes de instituciones como Cruz Roja y el Hospital Integral, por mencionar algunos.<\/p>\n","protected":false},"excerpt":{"rendered":"<p>El d\u00eda de hoy sesion\u00f3 el Comit\u00e9 Municipal de Salud de Mocorito para consensuar decisiones, como la pr\u00f3xima apertura del Campo de Girasoles, la cual se aplaz\u00f3 para un periodo en el que si las condiciones lo permiten, se estar\u00edan abriendo las puertas al p\u00fablico para la pr\u00f3xima semana. Con base en ello, la alcaldesa, [&hellip;]<\/p>\n","protected":false},"author":2,"featured_media":1191,"comment_status":"open","ping_status":"open","sticky":false,"template":"","format":"standard","meta":{"footnotes":""},"categories":[93,30],"tags":[397,130,398,33,2,40],"class_list":["post-1190","post","type-post","status-publish","format-standard","has-post-thumbnail","hentry","category-principales","category-sinaloa","tag-campo-de-girasoles","tag-covid-19","tag-girasoles","tag-mocorito","tag-salud","tag-sinaloa"],"aioseo_notices":[],"_links":{"self":[{"href":"https:\/\/crucialnuevaepoca.com\/web\/wp-json\/wp\/v2\/posts\/1190","targetHints":{"allow":["GET"]}}],"collection":[{"href":"https:\/\/crucialnuevaepoca.com\/web\/wp-json\/wp\/v2\/posts"}],"about":[{"href":"https:\/\/crucialnuevaepoca.com\/web\/wp-json\/wp\/v2\/types\/post"}],"author":[{"embeddable":true,"href":"https:\/\/crucialnuevaepoca.com\/web\/wp-json\/wp\/v2\/users\/2"}],"replies":[{"embeddable":true,"href":"https:\/\/crucialnuevaepoca.com\/web\/wp-json\/wp\/v2\/comments?post=1190"}],"version-history":[{"count":1,"href":"https:\/\/crucialnuevaepoca.com\/web\/wp-json\/wp\/v2\/posts\/1190\/revisions"}],"predecessor-version":[{"id":1192,"href":"https:\/\/crucialnuevaepoca.com\/web\/wp-json\/wp\/v2\/posts\/1190\/revisions\/1192"}],"wp:featuredmedia":[{"embeddable":true,"href":"https:\/\/crucialnuevaepoca.com\/web\/wp-json\/wp\/v2\/media\/1191"}],"wp:attachment":[{"href":"https:\/\/crucialnuevaepoca.com\/web\/wp-json\/wp\/v2\/media?parent=1190"}],"wp:term":[{"taxonomy":"category","embeddable":true,"href":"https:\/\/crucialnuevaepoca.com\/web\/wp-json\/wp\/v2\/categories?post=1190"},{"taxonomy":"post_tag","embeddable":true,"href":"https:\/\/crucialnuevaepoca.com\/web\/wp-json\/wp\/v2\/tags?post=1190"}],"curies":[{"name":"wp","href":"https:\/\/api.w.org\/{rel}","templated":true}]}}