{"id":1555,"date":"2022-02-09T13:36:01","date_gmt":"2022-02-09T20:36:01","guid":{"rendered":"http:\/\/crucialnuevaepoca.com\/web\/?p=1555"},"modified":"2022-02-09T13:36:04","modified_gmt":"2022-02-09T20:36:04","slug":"dos-hombres-fueron-asegurados-por-la-policia-estatal-traian-un-arma-de-fuego","status":"publish","type":"post","link":"https:\/\/crucialnuevaepoca.com\/web\/2022\/02\/09\/dos-hombres-fueron-asegurados-por-la-policia-estatal-traian-un-arma-de-fuego\/","title":{"rendered":"DOS HOMBRES FUERON ASEGURADOS POR LA POLIC\u00cdA ESTATAL; TRA\u00cdAN UN ARMA DE FUEGO"},"content":{"rendered":"\n<p>Elementos de la Polic\u00eda Estatal Preventiva, aseguraron a dos hombres a quienes se les ubic\u00f3 un arma de fuego, esto en la colonia L\u00e1zaro C\u00e1rdenas, al sur de Culiac\u00e1n.<\/p>\n\n\n\n<p>Fue cuando los polic\u00edas patrullaban dicho sector que observaron a dos personas de sexo masculino afuera de un domicilio y que, aparentemente, se encontraban fumando enervantes por lo que, al acercarse a fin de hacerles recomendaciones sobre el uso de sustancias nocivas, \u00e9stos corrieron al mismo tiempo que uno de ellos arroj\u00f3 un objeto al piso.<\/p>\n\n\n\n<p>Al darles seguimiento, los uniformados se percataron que dicho objeto se trataba de un arma de fuego corta la cual quiso recuperar el otro civil, por lo que, de forma verbal se le pidi\u00f3 que no lo hiciera y se procedi\u00f3 al aseguramiento de ambos, uno de ellos es menor de edad.<\/p>\n\n\n\n<p>Se corrobor\u00f3 que el arma de fuego tra\u00eda su respectivo cargador abastecido por lo que tambi\u00e9n se asegur\u00f3 y se puso a disposici\u00f3n de las autoridades correspondientes.<\/p>\n\n\n\n<p>Cabe se\u00f1alar que, de acuerdo a informaci\u00f3n de las autoridades, se presume que ambas personas pudieran ser responsables de al menos ocho asaltos a comercios en tres d\u00edas.<\/p>\n","protected":false},"excerpt":{"rendered":"<p>Elementos de la Polic\u00eda Estatal Preventiva, aseguraron a dos hombres a quienes se les ubic\u00f3 un arma de fuego, esto en la colonia L\u00e1zaro C\u00e1rdenas, al sur de Culiac\u00e1n. Fue cuando los polic\u00edas patrullaban dicho sector que observaron a dos personas de sexo masculino afuera de un domicilio y que, aparentemente, se encontraban fumando enervantes [&hellip;]<\/p>\n","protected":false},"author":2,"featured_media":1557,"comment_status":"open","ping_status":"open","sticky":false,"template":"","format":"standard","meta":{"footnotes":""},"categories":[93,32],"tags":[575,340,115,244],"class_list":["post-1555","post","type-post","status-publish","format-standard","has-post-thumbnail","hentry","category-principales","category-seguridad","tag-seguridad-2","tag-aseguramiento","tag-culiacan-2","tag-ssp-sinaloa"],"aioseo_notices":[],"_links":{"self":[{"href":"https:\/\/crucialnuevaepoca.com\/web\/wp-json\/wp\/v2\/posts\/1555","targetHints":{"allow":["GET"]}}],"collection":[{"href":"https:\/\/crucialnuevaepoca.com\/web\/wp-json\/wp\/v2\/posts"}],"about":[{"href":"https:\/\/crucialnuevaepoca.com\/web\/wp-json\/wp\/v2\/types\/post"}],"author":[{"embeddable":true,"href":"https:\/\/crucialnuevaepoca.com\/web\/wp-json\/wp\/v2\/users\/2"}],"replies":[{"embeddable":true,"href":"https:\/\/crucialnuevaepoca.com\/web\/wp-json\/wp\/v2\/comments?post=1555"}],"version-history":[{"count":1,"href":"https:\/\/crucialnuevaepoca.com\/web\/wp-json\/wp\/v2\/posts\/1555\/revisions"}],"predecessor-version":[{"id":1558,"href":"https:\/\/crucialnuevaepoca.com\/web\/wp-json\/wp\/v2\/posts\/1555\/revisions\/1558"}],"wp:featuredmedia":[{"embeddable":true,"href":"https:\/\/crucialnuevaepoca.com\/web\/wp-json\/wp\/v2\/media\/1557"}],"wp:attachment":[{"href":"https:\/\/crucialnuevaepoca.com\/web\/wp-json\/wp\/v2\/media?parent=1555"}],"wp:term":[{"taxonomy":"category","embeddable":true,"href":"https:\/\/crucialnuevaepoca.com\/web\/wp-json\/wp\/v2\/categories?post=1555"},{"taxonomy":"post_tag","embeddable":true,"href":"https:\/\/crucialnuevaepoca.com\/web\/wp-json\/wp\/v2\/tags?post=1555"}],"curies":[{"name":"wp","href":"https:\/\/api.w.org\/{rel}","templated":true}]}}