{"id":1635,"date":"2022-02-15T12:59:57","date_gmt":"2022-02-15T19:59:57","guid":{"rendered":"http:\/\/crucialnuevaepoca.com\/web\/?p=1635"},"modified":"2022-02-15T13:00:00","modified_gmt":"2022-02-15T20:00:00","slug":"las-adversidades-que-dramatizan-el-ocaso-de-una-vida","status":"publish","type":"post","link":"https:\/\/crucialnuevaepoca.com\/web\/2022\/02\/15\/las-adversidades-que-dramatizan-el-ocaso-de-una-vida\/","title":{"rendered":"LAS ADVERSIDADES QUE DRAMATIZAN EL OCASO DE UNA VIDA"},"content":{"rendered":"\n<p>Gabriel Ya\u00f1ez P\u00e9rez.<\/p>\n\n\n\n<p>Recientemente tuve la oportunidad de ver una pel\u00edcula que me cautiv\u00f3, la cual me hizo tambi\u00e9n entrar en una reflexi\u00f3n que deseo aprovechar para mi colaboraci\u00f3n de hoy.<br>El largometraje referido lleva el t\u00edtulo de \u201cEl Padre\u201d, un filme dirigido por el dramaturgo franc\u00e9s Florian Zeller, quien hace una magistral adaptaci\u00f3n al cine de su propia obra teatral, en donde el reconocido y galardonado actor Anthony Hopkins, logr\u00f3 una actuaci\u00f3n tan imponente que le vali\u00f3 ganar de nuevo un Oscar el a\u00f1o pasado.<br>En esta cinta se desentra\u00f1an los avatares que encierra el ocaso de una existencia donde, debido a la demencia senil, un ingeniero jubilado lucha por distinguir lo real de lo imaginario, aferr\u00e1ndose a sus recuerdos para enfrentar la hostilidad de lo desconocido.<br>Ahora bien, a pesar de mi afici\u00f3n por el cine, la verdad es que disto much\u00edsimo de tener los recursos para ser un cr\u00edtico del denominado S\u00e9ptimo Arte, por lo que mi intenci\u00f3n de traer a colaci\u00f3n esta pel\u00edcula no es otra que reflexionar sobre ese ineluctable destino al que usualmente evitamos otear por temor o inseguridad. A final de cuentas y si Dios nos permite llegar a la vejez, de nada servir\u00e1n las evasivas, la indiferencia y hasta esas fobias a las que, como un mecanismo de resistencia, solemos eventualmente recurrir para evitar pensar en lo que podr\u00edamos llegar a vivir al final de nuestra existencia.<br>Y considerando que de por s\u00ed la vejez conlleva una serie de adversidades debido al inevitable deterioro f\u00edsico y mental, \u00e9stas se ven exponencialmente dramatizadas cuando existen condiciones de vulnerabilidad que hacen de esta etapa de la vida todo un martirio.<br>En esta situaci\u00f3n se encuentran muchos adultos mayores que, presas de la indiferencia familiar, social y gubernamental, sobreviven entre la desesperanza de su abandono y la ansiedad por aprisionar los recuerdos de una vida que, tal como lo experimenta Anthony Hopkins en la pel\u00edcula \u201cEl Padre\u201d, parecen difuminarse conforme avanza la tan temida demencia senil.<br>Todo esto me hizo nos debe hacer pensar y reflexionar sobre las condiciones en que viven muchas personas de la tercera edad en nuestro pa\u00eds, donde lejos de tener un retiro tranquilo y los cuidados que necesitan, es com\u00fan verlos olvidados por su propia familia, y a otros m\u00e1s hasta en situaci\u00f3n de calle pidiendo limosna. Ante esta situaci\u00f3n es que surgen centros que dan auxilio a estas personas, como un lugar en nuestra ciudad llamado Casa Hogar \u201cEl Buen Samaritano\u201d. Este espacio de beneficencia alberga actualmente a casi medio centenar de adultos mayores, quienes entre la pobreza y la marginaci\u00f3n han encontrado en este lugar un refugio para sobrellevar el abandono familiar y la indiferencia social.<br>Recientemente, atendiendo las indicaciones del Gobernador del Estado, Dr. Rub\u00e9n Rocha Moya, en el sentido de llevar la vacunaci\u00f3n contra el Covid a todos los adultos mayores que se encuentran postrados e impedidos de asistir a los centros de vacunaci\u00f3n, esta casa hogar recibi\u00f3 la visita del titular de salud en el Estado, H\u00e9ctor Melesio Cuen Ojeda, quien se hizo acompa\u00f1ar de una brigada de vacunaci\u00f3n para inocular a sus residentes.<br>Este apoyo representa sin duda un enorme beneficio para esos adultos mayores, los cuales en su mayor\u00eda padecen serias comorbilidades que los hace sumamente vulnerables ante la pandemia. Sin embargo, son muchas otras las carencias que prevalecen en ese lugar, las cuales han sido difundidas en varias ocasiones por esta casa editorial El Debate, medio que constantemente realiza una invaluable labor social como una caja de resonancia de las demandas sociales m\u00e1s sentidas.<br>Si nos es dif\u00edcil pensar que de llegar a esa etapa de la vida, tarde o temprano nos enfrentaremos a las consecuencias de nuestro natural deterioro fisiol\u00f3gico y cognitivo, imaginemos ahora lo que ser\u00eda vivirlas en total soledad y en unas condiciones de vulnerabilidad asistencial, alimenticia y de cuidados m\u00e9dicos como las que padecen much\u00edsimos ancianos.<br>Ante este hecho en particular, el llamado es por consiguiente a la solidaridad y la compasi\u00f3n, tanto a todos nuestros lectores como a las autoridades de los tres niveles de gobierno, a efecto de poder sumar esfuerzos y tenderles la mano a estos adultos mayores como los que se encuentran en la casa hogar \u201cEl Buen Samaritano\u201d, donde a pesar de los esfuerzos realizados hasta hoy, siguen padeciendo de muchas necesidades que les hace insufrible transitar por el ocaso de sus vidas.<\/p>\n\n\n\n<p>NO A TODOS LES SONR\u00cdE AS\u00cd LA VIDA.- Reflexionando sobre las vicisitudes que se experimentan en la atapa final de nuestra existencia, existen en cambio aquello(a)s con quienes la vida ha sido muy pero muy generosa, tal es el caso de la ex-lideresa sindical Elba Esther Gordillo, quien a pesar de su avanzada edad y su oscuro pasado, parece haber tomado nuevos br\u00edos y, por si fuera poco, escud\u00e1ndose en aquello de que \u201cgenio y figura hasta la sepultura\u201d, amenaza con volver a la vida p\u00fablica\u2026Dios nos agarre confesados dijeran por ah\u00ed.<\/p>\n","protected":false},"excerpt":{"rendered":"<p>Gabriel Ya\u00f1ez P\u00e9rez. Recientemente tuve la oportunidad de ver una pel\u00edcula que me cautiv\u00f3, la cual me hizo tambi\u00e9n entrar en una reflexi\u00f3n que deseo aprovechar para mi colaboraci\u00f3n de hoy.El largometraje referido lleva el t\u00edtulo de \u201cEl Padre\u201d, un filme dirigido por el dramaturgo franc\u00e9s Florian Zeller, quien hace una magistral adaptaci\u00f3n al cine [&hellip;]<\/p>\n","protected":false},"author":2,"featured_media":1131,"comment_status":"open","ping_status":"open","sticky":false,"template":"","format":"standard","meta":{"footnotes":""},"categories":[97,100],"tags":[226,222,221],"class_list":["post-1635","post","type-post","status-publish","format-standard","has-post-thumbnail","hentry","category-columnas","category-gabriel_yanez_perez","tag-columna","tag-gabriel-yanez","tag-la-hoguera"],"aioseo_notices":[],"_links":{"self":[{"href":"https:\/\/crucialnuevaepoca.com\/web\/wp-json\/wp\/v2\/posts\/1635","targetHints":{"allow":["GET"]}}],"collection":[{"href":"https:\/\/crucialnuevaepoca.com\/web\/wp-json\/wp\/v2\/posts"}],"about":[{"href":"https:\/\/crucialnuevaepoca.com\/web\/wp-json\/wp\/v2\/types\/post"}],"author":[{"embeddable":true,"href":"https:\/\/crucialnuevaepoca.com\/web\/wp-json\/wp\/v2\/users\/2"}],"replies":[{"embeddable":true,"href":"https:\/\/crucialnuevaepoca.com\/web\/wp-json\/wp\/v2\/comments?post=1635"}],"version-history":[{"count":1,"href":"https:\/\/crucialnuevaepoca.com\/web\/wp-json\/wp\/v2\/posts\/1635\/revisions"}],"predecessor-version":[{"id":1636,"href":"https:\/\/crucialnuevaepoca.com\/web\/wp-json\/wp\/v2\/posts\/1635\/revisions\/1636"}],"wp:featuredmedia":[{"embeddable":true,"href":"https:\/\/crucialnuevaepoca.com\/web\/wp-json\/wp\/v2\/media\/1131"}],"wp:attachment":[{"href":"https:\/\/crucialnuevaepoca.com\/web\/wp-json\/wp\/v2\/media?parent=1635"}],"wp:term":[{"taxonomy":"category","embeddable":true,"href":"https:\/\/crucialnuevaepoca.com\/web\/wp-json\/wp\/v2\/categories?post=1635"},{"taxonomy":"post_tag","embeddable":true,"href":"https:\/\/crucialnuevaepoca.com\/web\/wp-json\/wp\/v2\/tags?post=1635"}],"curies":[{"name":"wp","href":"https:\/\/api.w.org\/{rel}","templated":true}]}}