{"id":2167,"date":"2022-04-07T13:58:26","date_gmt":"2022-04-07T19:58:26","guid":{"rendered":"http:\/\/crucialnuevaepoca.com\/web\/?p=2167"},"modified":"2022-04-07T13:58:29","modified_gmt":"2022-04-07T19:58:29","slug":"solucionado-el-paro-de-labores-en-conalep-rocha","status":"publish","type":"post","link":"https:\/\/crucialnuevaepoca.com\/web\/2022\/04\/07\/solucionado-el-paro-de-labores-en-conalep-rocha\/","title":{"rendered":"SOLUCIONADO EL PARO DE LABORES EN CONALEP: ROCHA"},"content":{"rendered":"\n<p>Luego de una reuni\u00f3n que sostuvo con los dirigentes de los trabajadores del Conalep, el gobernador Rub\u00e9n Rocha Moya dio a conocer que se resolvi\u00f3 el paro de labores en que se encontraba esta instituci\u00f3n educativa, por lo que los maestros retornar\u00e1n a las aulas para continuar con las clases.<\/p>\n\n\n\n<p>El propio mandatario estatal inform\u00f3 que durante el encuentro que sostuvo la ma\u00f1ana de este jueves con la dirigencia de los maestros, se acord\u00f3 cubrir de manera \u00edntegra las percepciones salariales que se ten\u00edan atrasadas, y adem\u00e1s reintegrar los descuentos que se hab\u00edan aplicado por motivo de faltas, todo esto antes de que salgan de vacaciones de Semana Santa.<\/p>\n\n\n\n<p>\u201cYa regresan a clases, se les va a restituir sus derechos y los descuentos que se les han hecho por alguna falta se los vamos a restituir tambi\u00e9n\u201d, precis\u00f3.<\/p>\n\n\n\n<p>El gobernador Rocha se\u00f1al\u00f3 que se trat\u00f3 de una reuni\u00f3n cordial, donde se analizaron todas sus demandas, entre ellas, convenios de recursos suscritos en la administraci\u00f3n anterior que no est\u00e1n regularizables.<\/p>\n\n\n\n<p>\u201cEso no es problema de los trabajadores, hay que respetarles, porque se los firm\u00f3 una autoridad\u201d, aclar\u00f3.<\/p>\n\n\n\n<p>Por \u00faltimo, el mandatario dijo que los trabajadores quedaron satisfechos con los acuerdos, y ya no insistir\u00e1n en la destituci\u00f3n del director general, ya que su remoci\u00f3n es una facultad s\u00f3lo del Ejecutivo.<\/p>\n","protected":false},"excerpt":{"rendered":"<p>Luego de una reuni\u00f3n que sostuvo con los dirigentes de los trabajadores del Conalep, el gobernador Rub\u00e9n Rocha Moya dio a conocer que se resolvi\u00f3 el paro de labores en que se encontraba esta instituci\u00f3n educativa, por lo que los maestros retornar\u00e1n a las aulas para continuar con las clases. El propio mandatario estatal inform\u00f3 [&hellip;]<\/p>\n","protected":false},"author":2,"featured_media":2168,"comment_status":"open","ping_status":"open","sticky":false,"template":"","format":"standard","meta":{"footnotes":""},"categories":[93,30],"tags":[781,38,40],"class_list":["post-2167","post","type-post","status-publish","format-standard","has-post-thumbnail","hentry","category-principales","category-sinaloa","tag-conalep","tag-rocha-moya","tag-sinaloa"],"aioseo_notices":[],"_links":{"self":[{"href":"https:\/\/crucialnuevaepoca.com\/web\/wp-json\/wp\/v2\/posts\/2167","targetHints":{"allow":["GET"]}}],"collection":[{"href":"https:\/\/crucialnuevaepoca.com\/web\/wp-json\/wp\/v2\/posts"}],"about":[{"href":"https:\/\/crucialnuevaepoca.com\/web\/wp-json\/wp\/v2\/types\/post"}],"author":[{"embeddable":true,"href":"https:\/\/crucialnuevaepoca.com\/web\/wp-json\/wp\/v2\/users\/2"}],"replies":[{"embeddable":true,"href":"https:\/\/crucialnuevaepoca.com\/web\/wp-json\/wp\/v2\/comments?post=2167"}],"version-history":[{"count":1,"href":"https:\/\/crucialnuevaepoca.com\/web\/wp-json\/wp\/v2\/posts\/2167\/revisions"}],"predecessor-version":[{"id":2169,"href":"https:\/\/crucialnuevaepoca.com\/web\/wp-json\/wp\/v2\/posts\/2167\/revisions\/2169"}],"wp:featuredmedia":[{"embeddable":true,"href":"https:\/\/crucialnuevaepoca.com\/web\/wp-json\/wp\/v2\/media\/2168"}],"wp:attachment":[{"href":"https:\/\/crucialnuevaepoca.com\/web\/wp-json\/wp\/v2\/media?parent=2167"}],"wp:term":[{"taxonomy":"category","embeddable":true,"href":"https:\/\/crucialnuevaepoca.com\/web\/wp-json\/wp\/v2\/categories?post=2167"},{"taxonomy":"post_tag","embeddable":true,"href":"https:\/\/crucialnuevaepoca.com\/web\/wp-json\/wp\/v2\/tags?post=2167"}],"curies":[{"name":"wp","href":"https:\/\/api.w.org\/{rel}","templated":true}]}}