{"id":2362,"date":"2022-05-26T13:16:43","date_gmt":"2022-05-26T19:16:43","guid":{"rendered":"http:\/\/crucialnuevaepoca.com\/web\/?p=2362"},"modified":"2022-05-26T13:16:46","modified_gmt":"2022-05-26T19:16:46","slug":"ana-karen-val-inicia-obra-en-escuela-primaria-de-bellavista","status":"publish","type":"post","link":"https:\/\/crucialnuevaepoca.com\/web\/2022\/05\/26\/ana-karen-val-inicia-obra-en-escuela-primaria-de-bellavista\/","title":{"rendered":"ANA KAREN VAL INICIA OBRA EN ESCUELA PRIMARIA DE BELLAVISTA"},"content":{"rendered":"\n<p>Bellavista, Elota, Sinaloa.- En beneficio de los habitantes de Bellavista, autoridades municipales dieron el banderazo de inicio de la construcci\u00f3n de una cerca perimetral en la escuela primaria de la comunidad.<\/p>\n\n\n\n<p>La alcaldesa de Elota, Ana Karen Val Medina, encabez\u00f3 la puesta en marcha de la obra que beneficiar\u00e1 a 250 vecinos del poblado, con una inversi\u00f3n de<\/p>\n\n\n\n<p>Acompa\u00f1ada por alumnos, docentes y padres de familia del plantel educativo, miembros del Cabildo y funcionarios del Ayuntamiento, la presidenta municipal reiter\u00f3 su compromiso con la educaci\u00f3n, porque las ni\u00f1as, ni\u00f1os y j\u00f3venes son el presente y futuro en Elota.<\/p>\n\n\n\n<p>\u201cMe siento muy contenta de iniciar el d\u00eda aqu\u00ed con ustedes (Bellavista), tray\u00e9ndoles una buena respuesta a sus peticiones, pues hoy ponemos en marcha la construcci\u00f3n de la cerca perimetral, que viene a reforzar la seguridad en este plantel educativo\u201d.<\/p>\n\n\n\n<p>\u201cLes comento que esta obra la realizaremos a trav\u00e9s del Fondo para la Infraestructura Social Municipal 2022, el cual uno de sus objetivos es mejorar precisamente las instituciones educativas para que nuestras ni\u00f1as, ni\u00f1os y j\u00f3venes cuenten con espacios dignos para su aprendizaje\u201d, sostuvo.<\/p>\n\n\n\n<p>En el evento, las autoridades iniciaron tambi\u00e9n la campa\u00f1a \u201cLimpia y Reforesta Tu Escuela\u201d, con la entrega de contenedores de basura y \u00e1rboles que fueron sembrados en la primaria.<\/p>\n\n\n\n<p>El director de Ecolog\u00eda y Medio Ambiente, Rommel Aguirre Molina, resalt\u00f3 que desde su \u00e1rea se trabaja por lograr un Elota limpio y sustentable.<\/p>\n\n\n\n<p>Indic\u00f3 que el programa consiste en realizar jornadas de limpieza, pl\u00e1ticas de concienciaci\u00f3n ambiental, cultura del reciclaje y siembra de \u00e1rboles, con la participaci\u00f3n de funcionarios del Ayuntamiento y las escuelas.<\/p>\n\n\n\n<p>De esta manera, se atender\u00e1n las 173 instituciones educativas del municipio, siendo 69 jardines de ni\u00f1os, 71 primarias y 33 secundarias y telesecundarias.<\/p>\n\n\n\n<p>\u201cPorque el cambio clim\u00e1tico y nuestro planeta no puede esperar, hagamos conciencia, eduquemos a nuestros ni\u00f1os y ni\u00f1as a temprana edad, es por ello que queremos contar con su apoyo y juntos hacer de nuestro municipio un Elota para bien y para todos\u201d, dijo.<\/p>\n","protected":false},"excerpt":{"rendered":"<p>Bellavista, Elota, Sinaloa.- En beneficio de los habitantes de Bellavista, autoridades municipales dieron el banderazo de inicio de la construcci\u00f3n de una cerca perimetral en la escuela primaria de la comunidad. La alcaldesa de Elota, Ana Karen Val Medina, encabez\u00f3 la puesta en marcha de la obra que beneficiar\u00e1 a 250 vecinos del poblado, con [&hellip;]<\/p>\n","protected":false},"author":2,"featured_media":2363,"comment_status":"open","ping_status":"open","sticky":false,"template":"","format":"standard","meta":{"footnotes":""},"categories":[93,30],"tags":[181,49,494,40],"class_list":["post-2362","post","type-post","status-publish","format-standard","has-post-thumbnail","hentry","category-principales","category-sinaloa","tag-ana-karen-val-medina","tag-elota","tag-municipios","tag-sinaloa"],"aioseo_notices":[],"_links":{"self":[{"href":"https:\/\/crucialnuevaepoca.com\/web\/wp-json\/wp\/v2\/posts\/2362","targetHints":{"allow":["GET"]}}],"collection":[{"href":"https:\/\/crucialnuevaepoca.com\/web\/wp-json\/wp\/v2\/posts"}],"about":[{"href":"https:\/\/crucialnuevaepoca.com\/web\/wp-json\/wp\/v2\/types\/post"}],"author":[{"embeddable":true,"href":"https:\/\/crucialnuevaepoca.com\/web\/wp-json\/wp\/v2\/users\/2"}],"replies":[{"embeddable":true,"href":"https:\/\/crucialnuevaepoca.com\/web\/wp-json\/wp\/v2\/comments?post=2362"}],"version-history":[{"count":1,"href":"https:\/\/crucialnuevaepoca.com\/web\/wp-json\/wp\/v2\/posts\/2362\/revisions"}],"predecessor-version":[{"id":2364,"href":"https:\/\/crucialnuevaepoca.com\/web\/wp-json\/wp\/v2\/posts\/2362\/revisions\/2364"}],"wp:featuredmedia":[{"embeddable":true,"href":"https:\/\/crucialnuevaepoca.com\/web\/wp-json\/wp\/v2\/media\/2363"}],"wp:attachment":[{"href":"https:\/\/crucialnuevaepoca.com\/web\/wp-json\/wp\/v2\/media?parent=2362"}],"wp:term":[{"taxonomy":"category","embeddable":true,"href":"https:\/\/crucialnuevaepoca.com\/web\/wp-json\/wp\/v2\/categories?post=2362"},{"taxonomy":"post_tag","embeddable":true,"href":"https:\/\/crucialnuevaepoca.com\/web\/wp-json\/wp\/v2\/tags?post=2362"}],"curies":[{"name":"wp","href":"https:\/\/api.w.org\/{rel}","templated":true}]}}