{"id":2365,"date":"2022-05-26T13:26:04","date_gmt":"2022-05-26T19:26:04","guid":{"rendered":"http:\/\/crucialnuevaepoca.com\/web\/?p=2365"},"modified":"2022-05-26T13:26:06","modified_gmt":"2022-05-26T19:26:06","slug":"inauguran-la-cuarta-feria-emprendamos-juntos-cobaes-2022","status":"publish","type":"post","link":"https:\/\/crucialnuevaepoca.com\/web\/2022\/05\/26\/inauguran-la-cuarta-feria-emprendamos-juntos-cobaes-2022\/","title":{"rendered":"INAUGURAN LA CUARTA FERIA EMPRENDAMOS JUNTOS COBAES 2022"},"content":{"rendered":"\n<p>\u201cTenemos como prop\u00f3sito promover en la comunidad educativa una cultura emprendedora, responsable y transversal\u201d, expres\u00f3 Santiago Inzunza C\u00e1zares, director general del Colegio de Bachilleres del Estado de Sinaloa en el marco de la inauguraci\u00f3n de la Cuarta Feria Emprendamos Juntos COBAES 2022.<\/p>\n\n\n\n<p>Lo anterior se lograr\u00e1, explic\u00f3, mediante acciones que promuevan la creaci\u00f3n de oportunidades para el desarrollo del pensamiento creativo y personal, el esp\u00edritu social, la formaci\u00f3n de talento y conocimiento que impacten en la generaci\u00f3n de iniciativas transformadoras de su contexto econ\u00f3mico y social.<\/p>\n\n\n\n<p>\u201cMe reportan que en la primera etapa participaron 89 proyectos de los cuales algunos este fueron seleccionados, un total de 25 proyectos que son los que se exponen aqu\u00ed eso implica 47 estudiantes y a 20 asesores, sin duda pues esta Feria de Emprendamos Juntos es un evento importante de COBAES, que busca que los j\u00f3venes desarrollen alg\u00fan proyecto peque\u00f1o, pero con un \u00e9nfasis con mucha responsabilidad social\u201d.<\/p>\n\n\n\n<p>El director general de COBAES destac\u00f3 que cinco de los 25 proyectos que estaban presentes en la feria fueron seleccionados en el 2018 para exponerse en la Semana Nacional del Emprendedor, en la Ciudad de M\u00e9xico, \u201cme siento muy orgulloso de estar al frente de esta instituci\u00f3n, COBAES es una instituci\u00f3n que camina a diario, que cada vez gana m\u00e1s espacios y m\u00e1s reconocimiento en la sociedad sinaloense\u201d.<\/p>\n\n\n\n<p>Por su parte, el director Acad\u00e9mico de COBAES, Arturo Guti\u00e9rrez Olvera, dijo que es un gran acierto que el curr\u00edculo del colegio de bachilleres contenga dos opciones terminales, es decir, la elecci\u00f3n proped\u00e9utica que habilita a los alumnos para su ingreso a los estudios de educaci\u00f3n superior y la opci\u00f3n de formaci\u00f3n para el trabajo, la cual capacita a las y los j\u00f3venes para desempe\u00f1arse en el mercado laboral.<\/p>\n\n\n\n<p>\u201cLa opci\u00f3n de formaci\u00f3n para el trabajo hasta donde estamos informados pocos son los subsistemas de educaci\u00f3n media superior en el pa\u00eds en cuyos planes de estudio se contempla esta doble vertiente de formaci\u00f3n integral y es precisamente en el \u00e1rea de formaci\u00f3n para el trabajo en que se inscribe esta Cuarta Feria Emprendamos Juntos COBAES 2022\u201d.<\/p>\n\n\n\n<p>Los proyectos semifinalistas fueron ARC Asociaci\u00f3n de Reciclaje de Cubrebocas, Jabones Lycka, Zano-Tomate, Mezcal \u201cMi Viejo\u201d, Helado Sweet &amp; Fitness, T\u00e9 Helado GLT\u00e9, Patitas Empolvadas, Frijoles Puercos El Abuelo, Salsatlan, El Para\u00edso, Caf\u00e9 Jamac, Snack Rimp, Carminprotec, Skin Remedy Neem, Aguabaes, Topal Mermelada Artesanal, \u00a1Oh my brownie!, Salsa +Masha, Casdielti Line, Gomi Styles, La Granja V<\/p>\n\n\n\n<p>En el evento estuvieron presentes la secretaria General, Thal\u00eda Karamanos Cece\u00f1a; la secretaria T\u00e9cnica, Sandra Irene Reyes Garc\u00eda; la coordinadora Ejecutiva de la Zona 04, Sandra Judith Lara D\u00edaz; y la directora del plantel 25 \u201cGeneral Salvador Alvarado\u201d, Miriam Cecilia Leal Ibarra.erde, Basil Gel Antibacterial, Mango Fino, Marge Shampoo Org\u00e1nico y Tostaron.<\/p>\n","protected":false},"excerpt":{"rendered":"<p>\u201cTenemos como prop\u00f3sito promover en la comunidad educativa una cultura emprendedora, responsable y transversal\u201d, expres\u00f3 Santiago Inzunza C\u00e1zares, director general del Colegio de Bachilleres del Estado de Sinaloa en el marco de la inauguraci\u00f3n de la Cuarta Feria Emprendamos Juntos COBAES 2022. Lo anterior se lograr\u00e1, explic\u00f3, mediante acciones que promuevan la creaci\u00f3n de oportunidades [&hellip;]<\/p>\n","protected":false},"author":2,"featured_media":2366,"comment_status":"open","ping_status":"open","sticky":false,"template":"","format":"standard","meta":{"footnotes":""},"categories":[122,93],"tags":[368,836,369],"class_list":["post-2365","post","type-post","status-publish","format-standard","has-post-thumbnail","hentry","category-educacion","category-principales","tag-cobaes","tag-feria-emprendamos-juntos","tag-santiago-inzunza"],"aioseo_notices":[],"_links":{"self":[{"href":"https:\/\/crucialnuevaepoca.com\/web\/wp-json\/wp\/v2\/posts\/2365","targetHints":{"allow":["GET"]}}],"collection":[{"href":"https:\/\/crucialnuevaepoca.com\/web\/wp-json\/wp\/v2\/posts"}],"about":[{"href":"https:\/\/crucialnuevaepoca.com\/web\/wp-json\/wp\/v2\/types\/post"}],"author":[{"embeddable":true,"href":"https:\/\/crucialnuevaepoca.com\/web\/wp-json\/wp\/v2\/users\/2"}],"replies":[{"embeddable":true,"href":"https:\/\/crucialnuevaepoca.com\/web\/wp-json\/wp\/v2\/comments?post=2365"}],"version-history":[{"count":1,"href":"https:\/\/crucialnuevaepoca.com\/web\/wp-json\/wp\/v2\/posts\/2365\/revisions"}],"predecessor-version":[{"id":2367,"href":"https:\/\/crucialnuevaepoca.com\/web\/wp-json\/wp\/v2\/posts\/2365\/revisions\/2367"}],"wp:featuredmedia":[{"embeddable":true,"href":"https:\/\/crucialnuevaepoca.com\/web\/wp-json\/wp\/v2\/media\/2366"}],"wp:attachment":[{"href":"https:\/\/crucialnuevaepoca.com\/web\/wp-json\/wp\/v2\/media?parent=2365"}],"wp:term":[{"taxonomy":"category","embeddable":true,"href":"https:\/\/crucialnuevaepoca.com\/web\/wp-json\/wp\/v2\/categories?post=2365"},{"taxonomy":"post_tag","embeddable":true,"href":"https:\/\/crucialnuevaepoca.com\/web\/wp-json\/wp\/v2\/tags?post=2365"}],"curies":[{"name":"wp","href":"https:\/\/api.w.org\/{rel}","templated":true}]}}