{"id":2375,"date":"2022-05-26T15:38:19","date_gmt":"2022-05-26T21:38:19","guid":{"rendered":"http:\/\/crucialnuevaepoca.com\/web\/?p=2375"},"modified":"2022-05-26T15:38:22","modified_gmt":"2022-05-26T21:38:22","slug":"queremos-a-los-empresarios-como-aliados-rocha","status":"publish","type":"post","link":"https:\/\/crucialnuevaepoca.com\/web\/2022\/05\/26\/queremos-a-los-empresarios-como-aliados-rocha\/","title":{"rendered":"QUEREMOS A LOS EMPRESARIOS COMO ALIADOS: ROCHA"},"content":{"rendered":"\n<p>El gobernador Rub\u00e9n Rocha Moya se\u00f1al\u00f3 que quiere a los empresarios y a los industriales como aliados de su gobierno, para transformar a Sinaloa y desarrollarlo productivamente, mediante una mayor industrializaci\u00f3n que otorgue valor agregado a los productos, en especial a los del ramo agr\u00edcola.<\/p>\n\n\n\n<p>As\u00ed lo coment\u00f3 durante la ceremonia de renovaci\u00f3n del Consejo Directivo de la CANACINTRA Culiac\u00e1n, que encabezar\u00e1 el empresario Sergio \u00c1lvarez Torres, para el periodo 2022-2023, en sustituci\u00f3n de Francisco \u00c1lvarez, quien dirigi\u00f3 este organismo desde el 2019 hasta este d\u00eda, y la toma de protesta estuvo a cargo del presidente nacional de CANACINTRA, Jos\u00e9 Antonio Centeno Reyes.<\/p>\n\n\n\n<p>En su mensaje a los industriales, el gobernador Rocha destac\u00f3 la importancia que tiene el hecho de que Sinaloa no s\u00f3lo venda materia prima, sino que se pueda transformar y darle valor agregado a los productos, que es precisamente el campo de acci\u00f3n de los agremiados a la C\u00e1mara Nacional de la Industria de la Transformaci\u00f3n (CANACINTRA).<\/p>\n\n\n\n<p>El gobernador Rocha les reiter\u00f3 a los industriales que tengan toda la seguridad de que su gobierno los va a apoyar en su tarea, cuidando para ello su inversi\u00f3n, y al mismo tiempo invit\u00e1ndolos a que inviertan su capital aqu\u00ed en el estado en la expansi\u00f3n de sus empresas o en la creaci\u00f3n de nuevas.<\/p>\n\n\n\n<p>Luego de que le tom\u00f3 la protesta a la nueva directiva, el presidente nacional de CANACINTRA, Jos\u00e9 Antonio Centeno dijo ser un convencido que trabajando unidos gobierno, iniciativa privada, academia y sociedad, cada uno desde sus \u00e1reas de responsabilidad, se podr\u00e1 generar bienestar social para la poblaci\u00f3n.<\/p>\n\n\n\n<figure class=\"wp-block-image size-full\"><img fetchpriority=\"high\" decoding=\"async\" width=\"850\" height=\"478\" src=\"http:\/\/crucialnuevaepoca.com\/web\/wp-content\/uploads\/2022\/05\/1-8a.jpg\" alt=\"\" class=\"wp-image-2377\" srcset=\"https:\/\/crucialnuevaepoca.com\/web\/wp-content\/uploads\/2022\/05\/1-8a.jpg 850w, https:\/\/crucialnuevaepoca.com\/web\/wp-content\/uploads\/2022\/05\/1-8a-300x169.jpg 300w, https:\/\/crucialnuevaepoca.com\/web\/wp-content\/uploads\/2022\/05\/1-8a-768x432.jpg 768w\" sizes=\"(max-width: 850px) 100vw, 850px\" \/><\/figure>\n\n\n\n<p>Sergio \u00c1lvarez Torres, en su primer mensaje como presidente de esta C\u00e1mara, se comprometi\u00f3 con los afiliados a darles los resultados esperados y habl\u00f3 sobre los cinco ejes de trabajo que rigen a esta c\u00e1mara y que guiar\u00e1n su gesti\u00f3n como presidente: Ecosistemas Igualitarios de Colaboraci\u00f3n, Innovaci\u00f3n, Cultura Social, Representaciones Institucionales, y Sustentabilidad Econ\u00f3mica.<\/p>\n\n\n\n<p>\u00abComo presidente de CANACINTRA Delegaci\u00f3n Culiac\u00e1n, estoy consiente de la responsabilidad que implica opinar y proponer de forma responsable en virtud de mis conocimientos y experiencia como empresario industrial de m\u00e1s de 30 a\u00f1os. Nuestra gesti\u00f3n se enfocar\u00e1 en trabajar con entusiasmo y aut\u00e9ntico deseo en cumplir satisfactoriamente las metas propuestas\u00bb, se\u00f1al\u00f3 \u00c1lvarez.<\/p>\n\n\n\n<p>\u00abOficialmente, hoy iniciamos nuestra gesti\u00f3n, a nombre de los vicepresidentes, tesorero, secretaria, l\u00edderes de comisi\u00f3n, vocales, afiliados, equipo de direcci\u00f3n, y operativo de nuestra c\u00e1mara, nos comprometemos a cumplir cabalmente todos y cada uno de nuestros compromisos, porque unidos somos m\u00e1s fuertes\u00bb, finaliz\u00f3 Sergio \u00c1lvarez.<\/p>\n","protected":false},"excerpt":{"rendered":"<p>El gobernador Rub\u00e9n Rocha Moya se\u00f1al\u00f3 que quiere a los empresarios y a los industriales como aliados de su gobierno, para transformar a Sinaloa y desarrollarlo productivamente, mediante una mayor industrializaci\u00f3n que otorgue valor agregado a los productos, en especial a los del ramo agr\u00edcola. As\u00ed lo coment\u00f3 durante la ceremonia de renovaci\u00f3n del Consejo [&hellip;]<\/p>\n","protected":false},"author":2,"featured_media":2376,"comment_status":"open","ping_status":"open","sticky":false,"template":"","format":"standard","meta":{"footnotes":""},"categories":[103,93],"tags":[706,115,841,127],"class_list":["post-2375","post","type-post","status-publish","format-standard","has-post-thumbnail","hentry","category-camaras-y-colegios","category-principales","tag-canacintra","tag-culiacan-2","tag-sergio-alvarez","tag-toma-de-protesta"],"aioseo_notices":[],"_links":{"self":[{"href":"https:\/\/crucialnuevaepoca.com\/web\/wp-json\/wp\/v2\/posts\/2375","targetHints":{"allow":["GET"]}}],"collection":[{"href":"https:\/\/crucialnuevaepoca.com\/web\/wp-json\/wp\/v2\/posts"}],"about":[{"href":"https:\/\/crucialnuevaepoca.com\/web\/wp-json\/wp\/v2\/types\/post"}],"author":[{"embeddable":true,"href":"https:\/\/crucialnuevaepoca.com\/web\/wp-json\/wp\/v2\/users\/2"}],"replies":[{"embeddable":true,"href":"https:\/\/crucialnuevaepoca.com\/web\/wp-json\/wp\/v2\/comments?post=2375"}],"version-history":[{"count":1,"href":"https:\/\/crucialnuevaepoca.com\/web\/wp-json\/wp\/v2\/posts\/2375\/revisions"}],"predecessor-version":[{"id":2378,"href":"https:\/\/crucialnuevaepoca.com\/web\/wp-json\/wp\/v2\/posts\/2375\/revisions\/2378"}],"wp:featuredmedia":[{"embeddable":true,"href":"https:\/\/crucialnuevaepoca.com\/web\/wp-json\/wp\/v2\/media\/2376"}],"wp:attachment":[{"href":"https:\/\/crucialnuevaepoca.com\/web\/wp-json\/wp\/v2\/media?parent=2375"}],"wp:term":[{"taxonomy":"category","embeddable":true,"href":"https:\/\/crucialnuevaepoca.com\/web\/wp-json\/wp\/v2\/categories?post=2375"},{"taxonomy":"post_tag","embeddable":true,"href":"https:\/\/crucialnuevaepoca.com\/web\/wp-json\/wp\/v2\/tags?post=2375"}],"curies":[{"name":"wp","href":"https:\/\/api.w.org\/{rel}","templated":true}]}}