{"id":2384,"date":"2022-05-27T16:13:02","date_gmt":"2022-05-27T22:13:02","guid":{"rendered":"http:\/\/crucialnuevaepoca.com\/web\/?p=2384"},"modified":"2022-05-27T16:13:03","modified_gmt":"2022-05-27T22:13:03","slug":"ramon-salmeron-marca-la-agenda-joven-en-el-estado","status":"publish","type":"post","link":"https:\/\/crucialnuevaepoca.com\/web\/2022\/05\/27\/ramon-salmeron-marca-la-agenda-joven-en-el-estado\/","title":{"rendered":"RAM\u00d3N SALMER\u00d3N MARCA LA AGENDA JOVEN EN EL ESTADO"},"content":{"rendered":"\n<p>Ahome, Sinaloa. &#8211; La agenda joven del Partido Sinaloense, est\u00e1 marcando el paso, con una nueva forma de hacer pol\u00edtica, desde Ahome para todo el Estado.<\/p>\n\n\n\n<p>Con apenas 21 a\u00f1os, Ram\u00f3n Salmer\u00f3n, lleg\u00f3 al cabildo de Ahome a ocupar un espacio importante como el regidor m\u00e1s joven del estado y con su energ\u00eda y su gran capacidad de gesti\u00f3n, est\u00e1 marcando la agenda, con una nueva forma de hacer pol\u00edtica y atender las problem\u00e1ticas sociales que aquejan a los ahomenses.<\/p>\n\n\n\n<p>El joven pasista, destac\u00f3 que los j\u00f3venes tienen la oportunidad hist\u00f3rica de cambiar la forma de hacer pol\u00edtica, de aportar ideas frescas, de ser el motor de cambio para dignificar la pol\u00edtica en Sinaloa, participando activamente, porque es as\u00ed como pueden incidir en los cambios que se necesitan para seguir avanzando.<\/p>\n\n\n\n<p>Con una imagen fresca y cordial, Ram\u00f3n Salmer\u00f3n est\u00e1 revolucionado a una generaci\u00f3n de j\u00f3venes, poniendo el ejemplo de que la juventud con su energ\u00eda y su capacidad, puede lograr grandes cosas, plante\u00e1ndose objetivos claros y participando de manera activa en la pol\u00edtica, que es, desde donde se pueden lograr cambios importantes.<\/p>\n","protected":false},"excerpt":{"rendered":"<p>Ahome, Sinaloa. &#8211; La agenda joven del Partido Sinaloense, est\u00e1 marcando el paso, con una nueva forma de hacer pol\u00edtica, desde Ahome para todo el Estado. Con apenas 21 a\u00f1os, Ram\u00f3n Salmer\u00f3n, lleg\u00f3 al cabildo de Ahome a ocupar un espacio importante como el regidor m\u00e1s joven del estado y con su energ\u00eda y su [&hellip;]<\/p>\n","protected":false},"author":2,"featured_media":2386,"comment_status":"open","ping_status":"open","sticky":false,"template":"","format":"standard","meta":{"footnotes":""},"categories":[93,121],"tags":[379,843],"class_list":["post-2384","post","type-post","status-publish","format-standard","has-post-thumbnail","hentry","category-principales","category-sociedad","tag-pas","tag-ramon-salmeron"],"aioseo_notices":[],"_links":{"self":[{"href":"https:\/\/crucialnuevaepoca.com\/web\/wp-json\/wp\/v2\/posts\/2384","targetHints":{"allow":["GET"]}}],"collection":[{"href":"https:\/\/crucialnuevaepoca.com\/web\/wp-json\/wp\/v2\/posts"}],"about":[{"href":"https:\/\/crucialnuevaepoca.com\/web\/wp-json\/wp\/v2\/types\/post"}],"author":[{"embeddable":true,"href":"https:\/\/crucialnuevaepoca.com\/web\/wp-json\/wp\/v2\/users\/2"}],"replies":[{"embeddable":true,"href":"https:\/\/crucialnuevaepoca.com\/web\/wp-json\/wp\/v2\/comments?post=2384"}],"version-history":[{"count":1,"href":"https:\/\/crucialnuevaepoca.com\/web\/wp-json\/wp\/v2\/posts\/2384\/revisions"}],"predecessor-version":[{"id":2387,"href":"https:\/\/crucialnuevaepoca.com\/web\/wp-json\/wp\/v2\/posts\/2384\/revisions\/2387"}],"wp:featuredmedia":[{"embeddable":true,"href":"https:\/\/crucialnuevaepoca.com\/web\/wp-json\/wp\/v2\/media\/2386"}],"wp:attachment":[{"href":"https:\/\/crucialnuevaepoca.com\/web\/wp-json\/wp\/v2\/media?parent=2384"}],"wp:term":[{"taxonomy":"category","embeddable":true,"href":"https:\/\/crucialnuevaepoca.com\/web\/wp-json\/wp\/v2\/categories?post=2384"},{"taxonomy":"post_tag","embeddable":true,"href":"https:\/\/crucialnuevaepoca.com\/web\/wp-json\/wp\/v2\/tags?post=2384"}],"curies":[{"name":"wp","href":"https:\/\/api.w.org\/{rel}","templated":true}]}}