{"id":2395,"date":"2022-05-31T09:37:08","date_gmt":"2022-05-31T15:37:08","guid":{"rendered":"http:\/\/crucialnuevaepoca.com\/web\/?p=2395"},"modified":"2022-05-31T09:37:11","modified_gmt":"2022-05-31T15:37:11","slug":"guerra-sucia-peor-en-tamaulipas-con-cabeza-de-vaca","status":"publish","type":"post","link":"https:\/\/crucialnuevaepoca.com\/web\/2022\/05\/31\/guerra-sucia-peor-en-tamaulipas-con-cabeza-de-vaca\/","title":{"rendered":"\u00abGUERRA SUCIA\u00bb, PEOR EN TAMAULIPAS CON CABEZA DE VACA"},"content":{"rendered":"\n<p>*Diputado Junior, Falta a Sesiones, Pero no a Montecarlo<\/p>\n\n\n\n<p>M\u00e1s all\u00e1 de la encuestitis\u2026 Mientras panistas y pri\u00edstas acusan que funcionarios de la 4T violan la constituci\u00f3n al asistir a eventos de campa\u00f1a de candidatas y candidatos de Morena en Aguascalientes, Durango, Hidalgo, Oaxaca, Quintana Roo y Tamaulipas; los morenistas denuncian ser v\u00edctimas de \u201cguerra sucia\u201d de sus adversarios.<\/p>\n\n\n\n<p>Y como queriendo atizar el fuego, tres semanas antes de las elecciones del 5 de junio fue el propio Mario Delgado, presidente nacional de Morena, quien convoc\u00f3 a servidores p\u00fablicos a salir s\u00e1bados y domingos, \u201ccuando no est\u00e1n en horas de trabajo\u201d y \u201csi se los permite el presidente L\u00f3pez Obrador\u201d, para apoyar a candidatas y candidatos de su partido.<\/p>\n\n\n\n<p>As\u00ed, a una semana de los comicios, salieron a placearse a los cierres de campa\u00f1a: el secretario de Gobernaci\u00f3n, Ad\u00e1n Augusto L\u00f3pez (Canc\u00fan, Quintana Roo); la jefa de gobierno de la CDMX, Claudia Sheinbaum (Durango, Durango); y el senador Ricardo Monreal (Pachuca, Hidalgo). Todos aspirantes a suceder en 2024 al Presidente de M\u00e9xico.<\/p>\n\n\n\n<p>Pero el cuarto al bat, el canciller Marcelo Ebrard, quien tambi\u00e9n estaba en la lista de quienes viajar\u00edan en respaldo de sus colegas de partido, no pudo emprender el vuelo hacia Oaxaca, el arribo del hurac\u00e1n \u201cAgatha\u201d se lo impidi\u00f3 a \u00e9l y a todos quienes ten\u00edan un boleto de avi\u00f3n con destino a terminales a\u00e9reas oaxaque\u00f1as.<\/p>\n\n\n\n<p>En tanto, desde hace 10 d\u00edas dirigentes y legisladores del PAN y del PRI aprovechan cualquier medio y micr\u00f3fono para denunciar, incluso ante el INE, la participaci\u00f3n en actos de apoyo a los candidatos de Morena a los secretarios: de Gobernaci\u00f3n y de Relaciones Exteriores, como a la jefa de Gobierno Claudia Sheinbaum.<\/p>\n\n\n\n<p>Caso particular de confrontaciones de la desmemoria salt\u00f3 a la palestra del Congreso de la Uni\u00f3n cuando el candidato de Morena a gobernador de Tamaulipas, senador con licencia Am\u00e9rico Villarreal, protagoniz\u00f3 una rueda de prensa en el Patio del Federalismo para pedirles a morenistas y sus aliados cerraran filas con \u00e9l para detener la \u201cguerra sucia\u201d, orquestada por el gobernador panista Francisco Garc\u00eda Cabeza de Vaca.<\/p>\n\n\n\n<p>Y cuando parec\u00eda que la vor\u00e1gine del debate con el creciente uso de adjetivos de unos y otros, durante la sesi\u00f3n de la Comisi\u00f3n Permanente no tendr\u00eda control accedi\u00f3 a la tribuna Ricardo Monreal para advertir que \u201cya no hay forma de revertir la voluntad popular\u201d ante el triunfo de Am\u00e9rico; y exhort\u00f3 al Ejecutivo estatal a garantizar una transici\u00f3n pol\u00edtica ordenada.<\/p>\n\n\n\n<p>El Grupo Parlamentario de Morena que coordina Monreal \u00c1vila, con sus aliados del Verde y PT, cerraron filas con Villarreal Anaya, al insistir en denunciar \u201cuna operaci\u00f3n de Estado y una campa\u00f1a de persecuci\u00f3n pol\u00edtica en su contra y de sus familiares, ante las tendencias electorales que estiman el triunfo de la coalici\u00f3n \u201cJuntos Haremos Historia\u201d, el pr\u00f3ximo 5 de junio.<\/p>\n\n\n\n<p>Monreal \u00c1vila hizo un llamado a la civilidad y convoc\u00f3 a una tregua para detener la guerra sucia, as\u00ed como el clima de hostilidad y zozobra que se vive en Tamaulipas y en las otras seis entidades en las que se renovar\u00e1n los poderes ejecutivos locales.<\/p>\n\n\n\n<p>\u201cPermitamos que la ciudadan\u00eda vote en libertad, sin miedo, sin amenazas, sin presi\u00f3n ilegal. Es el momento de la democracia, es el momento de la madurez pol\u00edtica, es el momento de la transici\u00f3n pac\u00edfica y ordenada. De nuestra parte no hay intenci\u00f3n de persecuciones pol\u00edticas injustificadas o inventadas, s\u00f3lo se aplicar\u00e1 la Ley en su sentido estricto\u2026\u201d<\/p>\n\n\n\n<p>Am\u00e9rico Villarreal insisti\u00f3 en denunciar los excesos ilegales que han protagonizado el gobernador Cabeza de Vaca y su candidato \u201cEl Truko\u201d Ver\u00e1stegui\u201d, c\u00f3mplices de un intento de elecci\u00f3n de Estado, pues en la medida en que se consolida la candidatura de la coalici\u00f3n Juntos Haremos Historia, \u201chan intoxicado el ambiente pol\u00edtico.<\/p>\n\n\n\n<p>\u201cHan construido un sistema de intimidaci\u00f3n, coerci\u00f3n, amenazas y detenciones arbitrarias y extrajudiciales, usando para ello su posici\u00f3n p\u00fablica\u201d y vulnerando la autonom\u00eda de los poderes Legislativo y Judicial.<\/p>\n\n\n\n<p>\u201cComo no pudieron conmigo, porque no tienen c\u00f3mo imputarme, decidieron entonces ir contra mi familia, contra quienes han emprendido una encarnizada persecuci\u00f3n, con injurias, maltrato a su reputaci\u00f3n y da\u00f1o moral\u201d.<\/p>\n\n\n\n<p>Previno que han maniobrado ilegalmente para perjudicar y amedrentar, con \u00f3rdenes de aprehensi\u00f3n, completamente infundadas, a sus compa\u00f1eros de lucha: a la alcaldesa de Nuevo Laredo, Carmen Lilia Canturosas; y al alcalde de Ciudad Victoria, Eduardo Gatt\u00e1s. Buscan obtener el triunfo sin ning\u00fan tipo de escr\u00fapulos.<\/p>\n\n\n\n<p>Comunicadores tamaulipecos afirman que Am\u00e9rico Villarreal Anaya lleva para Morena y sus partidos aliados una intenci\u00f3n del voto superior al 50 por ciento; pero admiten que no es posible publicarlo, \u201cno s\u00f3lo por el riesgo de perder la poca publicidad que llega a autorizar el gobierno estatal, sino incluso ante el peligro f\u00edsico propio y de la familia\u201d.<\/p>\n\n\n\n<p>Colegas de otras entidades donde tambi\u00e9n habr\u00e1 votaciones el 5 de junio, la \u201cguerra sucia\u201d contra las y los abanderados de Morena \u201cnunca falta, pero tampoco es tan grave; sobre todo si se advierte que Mara Lezama en Quintana Roo; Salom\u00f3n Jara en Oaxaca y Julio Menchaca en Hidalgo la ventaja que llevan es muy marcada respecto a su siguiente contendiente\u201d. Que la gente salga a votar\u2026<\/p>\n\n\n\n<p>Malditas Selfies, Dicen en Casa\u2026 Bingen Rementer\u00eda Molina, diputado panista plurinominal de Veracruz e hijo del coordinador del PAN en el Senado, Julen Rementer\u00eda, presumi\u00f3 en redes sociales sus selfies en el Gran Premio de M\u00f3naco; aunque los veracruzanos le lanzan duras cr\u00edticas por sus repetidas faltas al Congreso local y su nula representaci\u00f3n ciudadana.<\/p>\n\n\n\n<p>Mientras el diputado local del Partido Acci\u00f3n Nacional, Bingen Rementer\u00eda no tuvo empacho en presumir en su cuenta de Instagram que acudi\u00f3 este domingo al Gran Prix de M\u00f3naco con amigos y su esposa; en Veracruz y en muchos medios de M\u00e9xico difundieron sus inasistencias a desempe\u00f1ar su encargo en el legislativo local.<\/p>\n\n\n\n<p>Esto a pesar de que preside la Comisi\u00f3n de Promoci\u00f3n Comercial y Fomento a la Inversi\u00f3n y, es vocal de las comisiones de Vigilancia y de Desarrollo Metropolitano, donde podr\u00eda mostrar compromiso social.<\/p>\n\n\n\n<p>Sin embargo, la numeralia del Congreso Local de Veracruz revel\u00f3 que el 5 de noviembre, al iniciar el primer periodo de sesiones Bingen falt\u00f3 a esa primera sesi\u00f3n. Luego tuvo siete faltas hacia enero 31, aunque intent\u00f3 justificar dos. Adem\u00e1s, registr\u00f3 cuatro asistencias con posterioridad; es decir, lleg\u00f3 tarde a la sesi\u00f3n. Y para febrero y abril logr\u00f3 otras dos faltas. As\u00ed reparten el erario\u2026<\/p>\n\n\n\n<p>M\u00e1s all\u00e1 de la encuestitis\u2026 Mientras panistas y pri\u00edstas acusan que funcionarios de la 4T violan la constituci\u00f3n al asistir a eventos de campa\u00f1a de candidatas y candidatos de Morena en Aguascalientes, Durango, Hidalgo, Oaxaca, Quintana Roo y Tamaulipas; los morenistas denuncian ser v\u00edctimas de \u201cguerra sucia\u201d de sus adversarios.<\/p>\n\n\n\n<p>Y como queriendo atizar el fuego, tres semanas antes de las elecciones del 5 de junio fue el propio Mario Delgado, presidente nacional de Morena, quien convoc\u00f3 a servidores p\u00fablicos a salir s\u00e1bados y domingos, \u201ccuando no est\u00e1n en horas de trabajo\u201d y \u201csi se los permite el presidente L\u00f3pez Obrador\u201d, para apoyar a candidatas y candidatos de su partido.<\/p>\n\n\n\n<p>As\u00ed, a una semana de los comicios, salieron a placearse a los cierres de campa\u00f1a: el secretario de Gobernaci\u00f3n, Ad\u00e1n Augusto L\u00f3pez (Canc\u00fan, Quintana Roo); la jefa de gobierno de la CDMX, Claudia Sheinbaum (Durango, Durango); y el senador Ricardo Monreal (Pachuca, Hidalgo). Todos aspirantes a suceder en 2024 al Presidente de M\u00e9xico.<\/p>\n\n\n\n<p>Pero el cuarto al bat, el canciller Marcelo Ebrard, quien tambi\u00e9n estaba en la lista de quienes viajar\u00edan en respaldo de sus colegas de partido, no pudo emprender el vuelo hacia Oaxaca, el arribo del hurac\u00e1n \u201cAgatha\u201d se lo impidi\u00f3 a \u00e9l y a todos quienes ten\u00edan un boleto de avi\u00f3n con destino a terminales a\u00e9reas oaxaque\u00f1as.<\/p>\n\n\n\n<p>En tanto, desde hace 10 d\u00edas dirigentes y legisladores del PAN y del PRI aprovechan cualquier medio y micr\u00f3fono para denunciar, incluso ante el INE, la participaci\u00f3n en actos de apoyo a los candidatos de Morena a los secretarios: de Gobernaci\u00f3n y de Relaciones Exteriores, como a la jefa de Gobierno Claudia Sheinbaum.<\/p>\n\n\n\n<p>Caso particular de confrontaciones de la desmemoria salt\u00f3 a la palestra del Congreso de la Uni\u00f3n cuando el candidato de Morena a gobernador de Tamaulipas, senador con licencia Am\u00e9rico Villarreal, protagoniz\u00f3 una rueda de prensa en el Patio del Federalismo para pedirles a morenistas y sus aliados cerraran filas con \u00e9l para detener la \u201cguerra sucia\u201d, orquestada por el gobernador panista Francisco Garc\u00eda Cabeza de Vaca.<\/p>\n\n\n\n<p>Y cuando parec\u00eda que la vor\u00e1gine del debate con el creciente uso de adjetivos de unos y otros, durante la sesi\u00f3n de la Comisi\u00f3n Permanente no tendr\u00eda control accedi\u00f3 a la tribuna Ricardo Monreal para advertir que \u201cya no hay forma de revertir la voluntad popular\u201d ante el triunfo de Am\u00e9rico; y exhort\u00f3 al Ejecutivo estatal a garantizar una transici\u00f3n pol\u00edtica ordenada.<\/p>\n\n\n\n<p>El Grupo Parlamentario de Morena que coordina Monreal \u00c1vila, con sus aliados del Verde y PT, cerraron filas con Villarreal Anaya, al insistir en denunciar \u201cuna operaci\u00f3n de Estado y una campa\u00f1a de persecuci\u00f3n pol\u00edtica en su contra y de sus familiares, ante las tendencias electorales que estiman el triunfo de la coalici\u00f3n \u201cJuntos Haremos Historia\u201d, el pr\u00f3ximo 5 de junio.<\/p>\n\n\n\n<p>Monreal \u00c1vila hizo un llamado a la civilidad y convoc\u00f3 a una tregua para detener la guerra sucia, as\u00ed como el clima de hostilidad y zozobra que se vive en Tamaulipas y en las otras seis entidades en las que se renovar\u00e1n los poderes ejecutivos locales.<\/p>\n\n\n\n<p>\u201cPermitamos que la ciudadan\u00eda vote en libertad, sin miedo, sin amenazas, sin presi\u00f3n ilegal. Es el momento de la democracia, es el momento de la madurez pol\u00edtica, es el momento de la transici\u00f3n pac\u00edfica y ordenada. De nuestra parte no hay intenci\u00f3n de persecuciones pol\u00edticas injustificadas o inventadas, s\u00f3lo se aplicar\u00e1 la Ley en su sentido estricto\u2026\u201d<\/p>\n\n\n\n<p>Am\u00e9rico Villarreal insisti\u00f3 en denunciar los excesos ilegales que han protagonizado el gobernador Cabeza de Vaca y su candidato \u201cEl Truko\u201d Ver\u00e1stegui\u201d, c\u00f3mplices de un intento de elecci\u00f3n de Estado, pues en la medida en que se consolida la candidatura de la coalici\u00f3n Juntos Haremos Historia, \u201chan intoxicado el ambiente pol\u00edtico.<\/p>\n\n\n\n<p>\u201cHan construido un sistema de intimidaci\u00f3n, coerci\u00f3n, amenazas y detenciones arbitrarias y extrajudiciales, usando para ello su posici\u00f3n p\u00fablica\u201d y vulnerando la autonom\u00eda de los poderes Legislativo y Judicial.<\/p>\n\n\n\n<p>\u201cComo no pudieron conmigo, porque no tienen c\u00f3mo imputarme, decidieron entonces ir contra mi familia, contra quienes han emprendido una encarnizada persecuci\u00f3n, con injurias, maltrato a su reputaci\u00f3n y da\u00f1o moral\u201d.<\/p>\n\n\n\n<p>Previno que han maniobrado ilegalmente para perjudicar y amedrentar, con \u00f3rdenes de aprehensi\u00f3n, completamente infundadas, a sus compa\u00f1eros de lucha: a la alcaldesa de Nuevo Laredo, Carmen Lilia Canturosas; y al alcalde de Ciudad Victoria, Eduardo Gatt\u00e1s. Buscan obtener el triunfo sin ning\u00fan tipo de escr\u00fapulos.<\/p>\n\n\n\n<p>Comunicadores tamaulipecos afirman que Am\u00e9rico Villarreal Anaya lleva para Morena y sus partidos aliados una intenci\u00f3n del voto superior al 50 por ciento; pero admiten que no es posible publicarlo, \u201cno s\u00f3lo por el riesgo de perder la poca publicidad que llega a autorizar el gobierno estatal, sino incluso ante el peligro f\u00edsico propio y de la familia\u201d.<\/p>\n\n\n\n<p>Colegas de otras entidades donde tambi\u00e9n habr\u00e1 votaciones el 5 de junio, la \u201cguerra sucia\u201d contra las y los abanderados de Morena \u201cnunca falta, pero tampoco es tan grave; sobre todo si se advierte que Mara Lezama en Quintana Roo; Salom\u00f3n Jara en Oaxaca y Julio Menchaca en Hidalgo la ventaja que llevan es muy marcada respecto a su siguiente contendiente\u201d. Que la gente salga a votar\u2026<\/p>\n\n\n\n<p>Malditas Selfies, Dicen en Casa\u2026 Bingen Rementer\u00eda Molina, diputado panista plurinominal de Veracruz e hijo del coordinador del PAN en el Senado, Julen Rementer\u00eda, presumi\u00f3 en redes sociales sus selfies en el Gran Premio de M\u00f3naco; aunque los veracruzanos le lanzan duras cr\u00edticas por sus repetidas faltas al Congreso local y su nula representaci\u00f3n ciudadana.<\/p>\n\n\n\n<p>Mientras el diputado local del Partido Acci\u00f3n Nacional, Bingen Rementer\u00eda no tuvo empacho en presumir en su cuenta de Instagram que acudi\u00f3 este domingo al Gran Prix de M\u00f3naco con amigos y su esposa; en Veracruz y en muchos medios de M\u00e9xico difundieron sus inasistencias a desempe\u00f1ar su encargo en el legislativo local.<\/p>\n\n\n\n<p>Esto a pesar de que preside la Comisi\u00f3n de Promoci\u00f3n Comercial y Fomento a la Inversi\u00f3n y, es vocal de las comisiones de Vigilancia y de Desarrollo Metropolitano, donde podr\u00eda mostrar compromiso social.<\/p>\n\n\n\n<p>Sin embargo, la numeralia del Congreso Local de Veracruz revel\u00f3 que el 5 de noviembre, al iniciar el primer periodo de sesiones Bingen falt\u00f3 a esa primera sesi\u00f3n. Luego tuvo siete faltas hacia enero 31, aunque intent\u00f3 justificar dos. Adem\u00e1s, registr\u00f3 cuatro asistencias con posterioridad; es decir, lleg\u00f3 tarde a la sesi\u00f3n. Y para febrero y abril logr\u00f3 otras dos faltas. As\u00ed reparten el erario\u2026<\/p>\n","protected":false},"excerpt":{"rendered":"<p>*Diputado Junior, Falta a Sesiones, Pero no a Montecarlo M\u00e1s all\u00e1 de la encuestitis\u2026 Mientras panistas y pri\u00edstas acusan que funcionarios de la 4T violan la constituci\u00f3n al asistir a eventos de campa\u00f1a de candidatas y candidatos de Morena en Aguascalientes, Durango, Hidalgo, Oaxaca, Quintana Roo y Tamaulipas; los morenistas denuncian ser v\u00edctimas de \u201cguerra [&hellip;]<\/p>\n","protected":false},"author":2,"featured_media":1128,"comment_status":"open","ping_status":"open","sticky":false,"template":"","format":"standard","meta":{"footnotes":""},"categories":[97,98,93],"tags":[226,383,384],"class_list":["post-2395","post","type-post","status-publish","format-standard","has-post-thumbnail","hentry","category-columnas","category-jaime_arizmendi","category-principales","tag-columna","tag-jaime-arizmendi","tag-politica-al-margen"],"aioseo_notices":[],"_links":{"self":[{"href":"https:\/\/crucialnuevaepoca.com\/web\/wp-json\/wp\/v2\/posts\/2395","targetHints":{"allow":["GET"]}}],"collection":[{"href":"https:\/\/crucialnuevaepoca.com\/web\/wp-json\/wp\/v2\/posts"}],"about":[{"href":"https:\/\/crucialnuevaepoca.com\/web\/wp-json\/wp\/v2\/types\/post"}],"author":[{"embeddable":true,"href":"https:\/\/crucialnuevaepoca.com\/web\/wp-json\/wp\/v2\/users\/2"}],"replies":[{"embeddable":true,"href":"https:\/\/crucialnuevaepoca.com\/web\/wp-json\/wp\/v2\/comments?post=2395"}],"version-history":[{"count":1,"href":"https:\/\/crucialnuevaepoca.com\/web\/wp-json\/wp\/v2\/posts\/2395\/revisions"}],"predecessor-version":[{"id":2396,"href":"https:\/\/crucialnuevaepoca.com\/web\/wp-json\/wp\/v2\/posts\/2395\/revisions\/2396"}],"wp:featuredmedia":[{"embeddable":true,"href":"https:\/\/crucialnuevaepoca.com\/web\/wp-json\/wp\/v2\/media\/1128"}],"wp:attachment":[{"href":"https:\/\/crucialnuevaepoca.com\/web\/wp-json\/wp\/v2\/media?parent=2395"}],"wp:term":[{"taxonomy":"category","embeddable":true,"href":"https:\/\/crucialnuevaepoca.com\/web\/wp-json\/wp\/v2\/categories?post=2395"},{"taxonomy":"post_tag","embeddable":true,"href":"https:\/\/crucialnuevaepoca.com\/web\/wp-json\/wp\/v2\/tags?post=2395"}],"curies":[{"name":"wp","href":"https:\/\/api.w.org\/{rel}","templated":true}]}}