{"id":2623,"date":"2022-06-27T13:08:45","date_gmt":"2022-06-27T19:08:45","guid":{"rendered":"http:\/\/crucialnuevaepoca.com\/web\/?p=2623"},"modified":"2022-06-27T13:08:47","modified_gmt":"2022-06-27T19:08:47","slug":"inicia-con-exito-la-jornada-de-vacunacion-a-menores-de-5-y-11-anos-de-edad","status":"publish","type":"post","link":"https:\/\/crucialnuevaepoca.com\/web\/2022\/06\/27\/inicia-con-exito-la-jornada-de-vacunacion-a-menores-de-5-y-11-anos-de-edad\/","title":{"rendered":"INICIA CON \u00c9XITO LA JORNADA DE VACUNACI\u00d3N A MENORES DE 5 Y 11 A\u00d1OS DE EDAD"},"content":{"rendered":"\n<p>Con el objetivo de inmunizar a ni\u00f1as y ni\u00f1os contra COVID-19, inicia con \u00e9xito la Jornada de Vacunaci\u00f3n a menores de entre 5 y 11 a\u00f1os de edad, en los municipios de Culiac\u00e1n, Mazatl\u00e1n, Los Mochis y Guasave.<\/p>\n\n\n\n<p>Son 48 mil dosis de la farmac\u00e9utica Pfizer pedi\u00e1tricas las destinadas para aplicar en esta jornada, as\u00ed lo inform\u00f3 el Dr. Cuitl\u00e1huac Gonz\u00e1lez Galindo, Secretario de Salud de Sinaloa, adem\u00e1s, puntualiz\u00f3 que seguir\u00e1n llegando m\u00e1s vacunas, con la finalidad de priorizar la aplicaci\u00f3n de la primera dosis del biol\u00f3gico.<\/p>\n\n\n\n<p>El Secretario de Salud, coment\u00f3 que \u201cel se\u00f1or Gobernador, Dr. Rub\u00e9n Rocha Moya, nos ha permitido darle continuidad a este programa, nos ha pedido que lo llevemos a cabo y que nos preocupemos porque todo salga bien, que estemos vigilando a los ni\u00f1os y si hay necesidad de alguna atenci\u00f3n r\u00e1pida tambi\u00e9n tengamos esa posibilidad\u201d.<\/p>\n\n\n\n<p>El funcionario estatal hizo un llamado a los padres de familia o tutores para que acudan a vacunar a los menores, y aclar\u00f3 que la segunda dosis debe aplicarse a los 21 d\u00edas de haber recibido el primer biol\u00f3gico contra la enfermedad.<\/p>\n\n\n\n<figure class=\"wp-block-image size-full\"><img fetchpriority=\"high\" decoding=\"async\" width=\"850\" height=\"566\" src=\"http:\/\/crucialnuevaepoca.com\/web\/wp-content\/uploads\/2022\/06\/22-3.jpg\" alt=\"\" class=\"wp-image-2621\" srcset=\"https:\/\/crucialnuevaepoca.com\/web\/wp-content\/uploads\/2022\/06\/22-3.jpg 850w, https:\/\/crucialnuevaepoca.com\/web\/wp-content\/uploads\/2022\/06\/22-3-300x200.jpg 300w, https:\/\/crucialnuevaepoca.com\/web\/wp-content\/uploads\/2022\/06\/22-3-768x511.jpg 768w\" sizes=\"(max-width: 850px) 100vw, 850px\" \/><\/figure>\n\n\n\n<p>Estar\u00e1n activos los centros de vacunaci\u00f3n a partir de las 8:00 a las 16:00 Horas, en Culiac\u00e1n se aplicar\u00e1 el biol\u00f3gico en la Novena Zona Militar; Mazatl\u00e1n, en el Polideportivo de la Universidad Aut\u00f3noma de Sinaloa; en Guasave en la ECEA y en Los Mochis se contar\u00e1n con m\u00f3dulos en el Domo de la Universidad Aut\u00f3noma de Sinaloa y en el Domo del Tecnol\u00f3gico.<\/p>\n\n\n\n<p>Para recibir la vacuna contra COVID-19, es necesario realizar el registro en el sitio web mivacuna.salud.gob.mx; solo es necesario tener a la mano la Clave \u00fanica de Registro de Poblaci\u00f3n (CURP).<\/p>\n","protected":false},"excerpt":{"rendered":"<p>Con el objetivo de inmunizar a ni\u00f1as y ni\u00f1os contra COVID-19, inicia con \u00e9xito la Jornada de Vacunaci\u00f3n a menores de entre 5 y 11 a\u00f1os de edad, en los municipios de Culiac\u00e1n, Mazatl\u00e1n, Los Mochis y Guasave. Son 48 mil dosis de la farmac\u00e9utica Pfizer pedi\u00e1tricas las destinadas para aplicar en esta jornada, as\u00ed [&hellip;]<\/p>\n","protected":false},"author":2,"featured_media":2619,"comment_status":"open","ping_status":"open","sticky":false,"template":"","format":"standard","meta":{"footnotes":""},"categories":[93,101],"tags":[130,903,2,318,132],"class_list":["post-2623","post","type-post","status-publish","format-standard","has-post-thumbnail","hentry","category-principales","category-sector-salud","tag-covid-19","tag-menores-de-edad","tag-salud","tag-secretaria-de-salud","tag-vacunas"],"aioseo_notices":[],"_links":{"self":[{"href":"https:\/\/crucialnuevaepoca.com\/web\/wp-json\/wp\/v2\/posts\/2623","targetHints":{"allow":["GET"]}}],"collection":[{"href":"https:\/\/crucialnuevaepoca.com\/web\/wp-json\/wp\/v2\/posts"}],"about":[{"href":"https:\/\/crucialnuevaepoca.com\/web\/wp-json\/wp\/v2\/types\/post"}],"author":[{"embeddable":true,"href":"https:\/\/crucialnuevaepoca.com\/web\/wp-json\/wp\/v2\/users\/2"}],"replies":[{"embeddable":true,"href":"https:\/\/crucialnuevaepoca.com\/web\/wp-json\/wp\/v2\/comments?post=2623"}],"version-history":[{"count":1,"href":"https:\/\/crucialnuevaepoca.com\/web\/wp-json\/wp\/v2\/posts\/2623\/revisions"}],"predecessor-version":[{"id":2624,"href":"https:\/\/crucialnuevaepoca.com\/web\/wp-json\/wp\/v2\/posts\/2623\/revisions\/2624"}],"wp:featuredmedia":[{"embeddable":true,"href":"https:\/\/crucialnuevaepoca.com\/web\/wp-json\/wp\/v2\/media\/2619"}],"wp:attachment":[{"href":"https:\/\/crucialnuevaepoca.com\/web\/wp-json\/wp\/v2\/media?parent=2623"}],"wp:term":[{"taxonomy":"category","embeddable":true,"href":"https:\/\/crucialnuevaepoca.com\/web\/wp-json\/wp\/v2\/categories?post=2623"},{"taxonomy":"post_tag","embeddable":true,"href":"https:\/\/crucialnuevaepoca.com\/web\/wp-json\/wp\/v2\/tags?post=2623"}],"curies":[{"name":"wp","href":"https:\/\/api.w.org\/{rel}","templated":true}]}}