{"id":2628,"date":"2022-06-27T15:55:35","date_gmt":"2022-06-27T21:55:35","guid":{"rendered":"http:\/\/crucialnuevaepoca.com\/web\/?p=2628"},"modified":"2022-06-27T15:55:37","modified_gmt":"2022-06-27T21:55:37","slug":"planilla-unidad-sindical-ratifica-su-compromiso-de-defender-las-prestaciones-economicas-y-sociales-de-los-trabajadores","status":"publish","type":"post","link":"https:\/\/crucialnuevaepoca.com\/web\/2022\/06\/27\/planilla-unidad-sindical-ratifica-su-compromiso-de-defender-las-prestaciones-economicas-y-sociales-de-los-trabajadores\/","title":{"rendered":"PLANILLA UNIDAD SINDICAL RATIFICA SU COMPROMISO DE DEFENDER LAS PRESTACIONES ECON\u00d3MICAS Y SOCIALES DE LOS TRABAJADORES"},"content":{"rendered":"\n<p>Con la convicci\u00f3n de que resultar\u00e1n ganadores en el proceso de renovaci\u00f3n de la dirigencia del Sindicato \u00danico de Trabajadores de la Universidad Aut\u00f3noma de Sinaloa (SUNTUAS), secci\u00f3n Administrativos e Intendencia, los integrantes de la Planilla Unidad Sindical por la defensa de los trabajadores, ratificaron su compromiso de defender las prestaciones econ\u00f3micas y sociales de los universitarios establecidas en el Contrato Colectivo de Trabajo.<\/p>\n\n\n\n<p>Maricela Guadalupe P\u00e9rez Carrillo, quien busca ocupar la secretar\u00eda general del organismo sindical, expres\u00f3 que est\u00e1n contentos porque en el recorrido realizado por los diferentes centros de trabajo como parte de su campa\u00f1a, han encontrado una buena aceptaci\u00f3n de parte de los trabajadores universitarios.<\/p>\n\n\n\n<p>\u201cEstamos seguros que la Planilla Unidad Sindical vamos a ganar, con la fuerza de los trabajadores tendremos la legitimidad suficiente para gestionar y resolver ya que en el recorrido que hemos tenido nos hemos encontrado una muy buena aceptaci\u00f3n de parte de nuestras compa\u00f1eras y compa\u00f1eros, lo cual nos da la confianza\u201d, coment\u00f3.<\/p>\n\n\n\n<p>Entre los compromisos que ha hecho la Planilla Unidad Sindical ante los trabajadores universitarios, P\u00e9rez Carrillo mencion\u00f3 el dar continuidad al est\u00edmulo administrativo, que es un logro obtenido despu\u00e9s de muchos a\u00f1os de gesti\u00f3n, buscar los mecanismos para que las y los compa\u00f1eros est\u00e9n en constante capacitaci\u00f3n para que desempe\u00f1en de una mejor manera sus labores y puedan buscar ascensos en el \u00e1mbito escalafonario, as\u00ed como buscar que la bolsa de trabajo del Sindicato avance mediante la recuperaci\u00f3n de espacios y la creaci\u00f3n de nuevas plazas que se requiere por expansi\u00f3n de la Universidad.<\/p>\n\n\n\n<figure class=\"wp-block-image size-large\"><img fetchpriority=\"high\" decoding=\"async\" width=\"1024\" height=\"462\" src=\"http:\/\/crucialnuevaepoca.com\/web\/wp-content\/uploads\/2022\/06\/1-14-1024x462.jpg\" alt=\"\" class=\"wp-image-2629\" srcset=\"https:\/\/crucialnuevaepoca.com\/web\/wp-content\/uploads\/2022\/06\/1-14-1024x462.jpg 1024w, https:\/\/crucialnuevaepoca.com\/web\/wp-content\/uploads\/2022\/06\/1-14-300x135.jpg 300w, https:\/\/crucialnuevaepoca.com\/web\/wp-content\/uploads\/2022\/06\/1-14-768x347.jpg 768w, https:\/\/crucialnuevaepoca.com\/web\/wp-content\/uploads\/2022\/06\/1-14-1536x694.jpg 1536w, https:\/\/crucialnuevaepoca.com\/web\/wp-content\/uploads\/2022\/06\/1-14.jpg 1599w\" sizes=\"(max-width: 1024px) 100vw, 1024px\" \/><\/figure>\n\n\n\n<p>\u201cDefenderemos todas nuestras prestaciones, lo cual ser\u00e1 posible luchando juntos, con nosotros al frente de los trabajadores, sabemos que la situaci\u00f3n est\u00e1 complicada en todas las universidades p\u00fablicas del pa\u00eds, por ello tambi\u00e9n hemos planteado en las escuelas y facultades visitadas que haremos equipo con la administraci\u00f3n universitaria para que, en un marco de respeto, podamos hacer posible lo se\u00f1alado anteriormente\u201d, enfatiz\u00f3.<\/p>\n\n\n\n<p>P\u00e9rez Carrillo aprovech\u00f3 la conferencia de prensa para invitar a la base sindical a formar parte del proceso democr\u00e1tico que se desarrollar\u00e1 el pr\u00f3ximo lunes 4 de julio para la renovaci\u00f3n de la dirigencia del SUNTUAS secci\u00f3n Administrativos e Intendencia.<\/p>\n","protected":false},"excerpt":{"rendered":"<p>Con la convicci\u00f3n de que resultar\u00e1n ganadores en el proceso de renovaci\u00f3n de la dirigencia del Sindicato \u00danico de Trabajadores de la Universidad Aut\u00f3noma de Sinaloa (SUNTUAS), secci\u00f3n Administrativos e Intendencia, los integrantes de la Planilla Unidad Sindical por la defensa de los trabajadores, ratificaron su compromiso de defender las prestaciones econ\u00f3micas y sociales de [&hellip;]<\/p>\n","protected":false},"author":2,"featured_media":2630,"comment_status":"open","ping_status":"open","sticky":false,"template":"","format":"standard","meta":{"footnotes":""},"categories":[102,93],"tags":[610,931,930,608],"class_list":["post-2628","post","type-post","status-publish","format-standard","has-post-thumbnail","hentry","category-asociaciones","category-principales","tag-maricela-perez-carrillo","tag-planilla-unidad-sindical","tag-suntuas","tag-suntuas-administrativos"],"aioseo_notices":[],"_links":{"self":[{"href":"https:\/\/crucialnuevaepoca.com\/web\/wp-json\/wp\/v2\/posts\/2628","targetHints":{"allow":["GET"]}}],"collection":[{"href":"https:\/\/crucialnuevaepoca.com\/web\/wp-json\/wp\/v2\/posts"}],"about":[{"href":"https:\/\/crucialnuevaepoca.com\/web\/wp-json\/wp\/v2\/types\/post"}],"author":[{"embeddable":true,"href":"https:\/\/crucialnuevaepoca.com\/web\/wp-json\/wp\/v2\/users\/2"}],"replies":[{"embeddable":true,"href":"https:\/\/crucialnuevaepoca.com\/web\/wp-json\/wp\/v2\/comments?post=2628"}],"version-history":[{"count":1,"href":"https:\/\/crucialnuevaepoca.com\/web\/wp-json\/wp\/v2\/posts\/2628\/revisions"}],"predecessor-version":[{"id":2631,"href":"https:\/\/crucialnuevaepoca.com\/web\/wp-json\/wp\/v2\/posts\/2628\/revisions\/2631"}],"wp:featuredmedia":[{"embeddable":true,"href":"https:\/\/crucialnuevaepoca.com\/web\/wp-json\/wp\/v2\/media\/2630"}],"wp:attachment":[{"href":"https:\/\/crucialnuevaepoca.com\/web\/wp-json\/wp\/v2\/media?parent=2628"}],"wp:term":[{"taxonomy":"category","embeddable":true,"href":"https:\/\/crucialnuevaepoca.com\/web\/wp-json\/wp\/v2\/categories?post=2628"},{"taxonomy":"post_tag","embeddable":true,"href":"https:\/\/crucialnuevaepoca.com\/web\/wp-json\/wp\/v2\/tags?post=2628"}],"curies":[{"name":"wp","href":"https:\/\/api.w.org\/{rel}","templated":true}]}}