{"id":2632,"date":"2022-06-28T10:46:41","date_gmt":"2022-06-28T16:46:41","guid":{"rendered":"http:\/\/crucialnuevaepoca.com\/web\/?p=2632"},"modified":"2022-06-28T10:46:44","modified_gmt":"2022-06-28T16:46:44","slug":"designa-acps-al-dr-cesar-augusto-rivas-gonzalez-como-ganador-del-reconocimiento-a-la-trayectoria-profesional-2021","status":"publish","type":"post","link":"https:\/\/crucialnuevaepoca.com\/web\/2022\/06\/28\/designa-acps-al-dr-cesar-augusto-rivas-gonzalez-como-ganador-del-reconocimiento-a-la-trayectoria-profesional-2021\/","title":{"rendered":"DESIGNA ACPS AL DR. C\u00c9SAR AUGUSTO RIVAS GONZ\u00c1LEZ COMO GANADOR DEL RECONOCIMIENTO A LA TRAYECTORIA PROFESIONAL 2021"},"content":{"rendered":"\n<p>La Asociaci\u00f3n de Colegios de Profesionistas de Sinaloa, A.C., que dirige la Dra. Itza Mar\u00eda de la Cruz Beltr\u00e1n, design\u00f3 como ganador del Reconocimiento a la Trayectoria Profesional 2021 al Dr. C\u00e9sar Augusto Rivas Gonz\u00e1lez, galard\u00f3n que le ser\u00e1 entregado en los pr\u00f3ximos d\u00edas en el Museo de Artes de Sinaloa en una ceremonia especial.<br>El Dr. C\u00e9sar Augusto Rivas Gonz\u00e1lez es m\u00e9dico especialista en Medicina Interna, Profesor fundador de la Facultad de Medicina de la Universidad Aut\u00f3noma de Sinaloa, Docente de Profesional y Posgrado de la Facultad de Medicina por 45 a\u00f1os, Asesor de Tesis y sinodal de ex\u00e1menes profesionales de la Especialidad de Medicina Familiar, adem\u00e1s de ser miembro activo de la Asociaci\u00f3n de Medicina Interna de M\u00e9xico, A.C., de la Asociaci\u00f3n de Medicina Interna de Culiac\u00e1n, y del Colegio M\u00e9dico de Culiac\u00e1n.<br>Ha obtenido diversos reconocimientos como el de Profesor Em\u00e9rito por la Universidad Aut\u00f3noma de Sinaloa, y Reconocimiento por Trayectoria Profesional al M\u00e9dico por el gobierno del estado de Sinaloa.<br>Este galard\u00f3n es un distintivo que la Asociaci\u00f3n de Colegios de Profesionistas de Sinaloa, A.C., otorga desde 1989 a un profesionista que se ha dedicado a promover la superaci\u00f3n acad\u00e9mica, t\u00e9cnica, cient\u00edfica, as\u00ed como su aportaci\u00f3n a favor de la comunidad sinaloense.<\/p>\n\n\n\n<figure class=\"wp-block-image size-full\"><img fetchpriority=\"high\" decoding=\"async\" width=\"850\" height=\"461\" src=\"http:\/\/crucialnuevaepoca.com\/web\/wp-content\/uploads\/2022\/06\/DSC0054.jpg\" alt=\"\" class=\"wp-image-2633\" srcset=\"https:\/\/crucialnuevaepoca.com\/web\/wp-content\/uploads\/2022\/06\/DSC0054.jpg 850w, https:\/\/crucialnuevaepoca.com\/web\/wp-content\/uploads\/2022\/06\/DSC0054-300x163.jpg 300w, https:\/\/crucialnuevaepoca.com\/web\/wp-content\/uploads\/2022\/06\/DSC0054-768x417.jpg 768w\" sizes=\"(max-width: 850px) 100vw, 850px\" \/><\/figure>\n","protected":false},"excerpt":{"rendered":"<p>La Asociaci\u00f3n de Colegios de Profesionistas de Sinaloa, A.C., que dirige la Dra. Itza Mar\u00eda de la Cruz Beltr\u00e1n, design\u00f3 como ganador del Reconocimiento a la Trayectoria Profesional 2021 al Dr. C\u00e9sar Augusto Rivas Gonz\u00e1lez, galard\u00f3n que le ser\u00e1 entregado en los pr\u00f3ximos d\u00edas en el Museo de Artes de Sinaloa en una ceremonia especial.El [&hellip;]<\/p>\n","protected":false},"author":2,"featured_media":2634,"comment_status":"open","ping_status":"open","sticky":false,"template":"","format":"standard","meta":{"footnotes":""},"categories":[103,93],"tags":[509,747,932],"class_list":["post-2632","post","type-post","status-publish","format-standard","has-post-thumbnail","hentry","category-camaras-y-colegios","category-principales","tag-acps","tag-reconocimiento","tag-trayectoria-profesional"],"aioseo_notices":[],"_links":{"self":[{"href":"https:\/\/crucialnuevaepoca.com\/web\/wp-json\/wp\/v2\/posts\/2632","targetHints":{"allow":["GET"]}}],"collection":[{"href":"https:\/\/crucialnuevaepoca.com\/web\/wp-json\/wp\/v2\/posts"}],"about":[{"href":"https:\/\/crucialnuevaepoca.com\/web\/wp-json\/wp\/v2\/types\/post"}],"author":[{"embeddable":true,"href":"https:\/\/crucialnuevaepoca.com\/web\/wp-json\/wp\/v2\/users\/2"}],"replies":[{"embeddable":true,"href":"https:\/\/crucialnuevaepoca.com\/web\/wp-json\/wp\/v2\/comments?post=2632"}],"version-history":[{"count":1,"href":"https:\/\/crucialnuevaepoca.com\/web\/wp-json\/wp\/v2\/posts\/2632\/revisions"}],"predecessor-version":[{"id":2635,"href":"https:\/\/crucialnuevaepoca.com\/web\/wp-json\/wp\/v2\/posts\/2632\/revisions\/2635"}],"wp:featuredmedia":[{"embeddable":true,"href":"https:\/\/crucialnuevaepoca.com\/web\/wp-json\/wp\/v2\/media\/2634"}],"wp:attachment":[{"href":"https:\/\/crucialnuevaepoca.com\/web\/wp-json\/wp\/v2\/media?parent=2632"}],"wp:term":[{"taxonomy":"category","embeddable":true,"href":"https:\/\/crucialnuevaepoca.com\/web\/wp-json\/wp\/v2\/categories?post=2632"},{"taxonomy":"post_tag","embeddable":true,"href":"https:\/\/crucialnuevaepoca.com\/web\/wp-json\/wp\/v2\/tags?post=2632"}],"curies":[{"name":"wp","href":"https:\/\/api.w.org\/{rel}","templated":true}]}}