{"id":2645,"date":"2022-06-30T13:32:00","date_gmt":"2022-06-30T19:32:00","guid":{"rendered":"http:\/\/crucialnuevaepoca.com\/web\/?p=2645"},"modified":"2022-06-30T13:32:03","modified_gmt":"2022-06-30T19:32:03","slug":"129-medicos-concluyen-internado-en-el-hospital-general-de-culiacan","status":"publish","type":"post","link":"https:\/\/crucialnuevaepoca.com\/web\/2022\/06\/30\/129-medicos-concluyen-internado-en-el-hospital-general-de-culiacan\/","title":{"rendered":"129 M\u00c9DICOS CONCLUYEN INTERNADO EN EL HOSPITAL GENERAL DE CULIAC\u00c1N"},"content":{"rendered":"\n<p>Este jueves se llev\u00f3 a cabo la ceremonia de graduaci\u00f3n de 129 M\u00e9dicos Internos de Pregrado del Hospital General de Culiac\u00e1n, generaci\u00f3n 2021- 2022.<\/p>\n\n\n\n<p>A 32 a\u00f1os de su fundaci\u00f3n el Hospital General sigue formando y recibiendo generaciones de m\u00e9dicos internos y prepar\u00e1ndolos con las bases suficientes para su capacitaci\u00f3n, con el objetivo de desempe\u00f1ar sus actividades de manera responsable en beneficio de las y los sinaloenses.<\/p>\n\n\n\n<p>En esta emotiva ceremonia, el secretario de Salud de Sinaloa, Dr. Cuitl\u00e1huac Gonz\u00e1lez Galindo, felicit\u00f3 a los 129 m\u00e9dicos graduados por culminar esta importante etapa en su formaci\u00f3n profesional, y los invit\u00f3 a seguir esforz\u00e1ndose y mantenerse en continua capacitaci\u00f3n.<\/p>\n\n\n\n<p>\u201cTodos (los graduados) son resultado de ese gran trabajo, por \u00faltimo, quiero decirles que van a llegar tan alto como ustedes lo deseen, tan alto como cuando llegaron a la Facultad de Medicina y dijeron \u00b4quiero estar aqu\u00ed y voy a terminar\u00b4 y despu\u00e9s quiz\u00e1 sean los grandes especialistas que Sinaloa merece\u201d, coment\u00f3.<\/p>\n\n\n\n<p>Adem\u00e1s, el Secretario de Salud, mencion\u00f3 que despu\u00e9s de este a\u00f1o de intenso trabajo, los m\u00e9dicos graduados cuentan con la formaci\u00f3n acad\u00e9mica y las herramientas necesarias para continuar con su proceso de profesionalizaci\u00f3n.<\/p>\n\n\n\n<p>En la ceremonia estuvieron presentes el Dr. Jos\u00e9 Alfredo Avil\u00e9s L\u00f3pez, director del Hospital General de Culiac\u00e1n; Dr. Luis Alberto Gonz\u00e1lez Garc\u00eda, director de la Facultad de Medicina de la Universidad Aut\u00f3noma de Sinaloa; Dra. Ana Luisa Ponce Dur\u00e1n, coordinadora Internado de la Universidad Aut\u00f3noma de Sinaloa y el Dr. Eduardo R\u00edos Triana, padrino de Generaci\u00f3n.<\/p>\n","protected":false},"excerpt":{"rendered":"<p>Este jueves se llev\u00f3 a cabo la ceremonia de graduaci\u00f3n de 129 M\u00e9dicos Internos de Pregrado del Hospital General de Culiac\u00e1n, generaci\u00f3n 2021- 2022. A 32 a\u00f1os de su fundaci\u00f3n el Hospital General sigue formando y recibiendo generaciones de m\u00e9dicos internos y prepar\u00e1ndolos con las bases suficientes para su capacitaci\u00f3n, con el objetivo de desempe\u00f1ar [&hellip;]<\/p>\n","protected":false},"author":2,"featured_media":2646,"comment_status":"open","ping_status":"open","sticky":false,"template":"","format":"standard","meta":{"footnotes":""},"categories":[122,93],"tags":[799,938,746,776,2,318,13],"class_list":["post-2645","post","type-post","status-publish","format-standard","has-post-thumbnail","hentry","category-educacion","category-principales","tag-cuitlahuac-gonzalez","tag-egresados","tag-facultad-de-medicina","tag-hospital-general-de-culiacan","tag-salud","tag-secretaria-de-salud","tag-uas"],"aioseo_notices":[],"_links":{"self":[{"href":"https:\/\/crucialnuevaepoca.com\/web\/wp-json\/wp\/v2\/posts\/2645","targetHints":{"allow":["GET"]}}],"collection":[{"href":"https:\/\/crucialnuevaepoca.com\/web\/wp-json\/wp\/v2\/posts"}],"about":[{"href":"https:\/\/crucialnuevaepoca.com\/web\/wp-json\/wp\/v2\/types\/post"}],"author":[{"embeddable":true,"href":"https:\/\/crucialnuevaepoca.com\/web\/wp-json\/wp\/v2\/users\/2"}],"replies":[{"embeddable":true,"href":"https:\/\/crucialnuevaepoca.com\/web\/wp-json\/wp\/v2\/comments?post=2645"}],"version-history":[{"count":1,"href":"https:\/\/crucialnuevaepoca.com\/web\/wp-json\/wp\/v2\/posts\/2645\/revisions"}],"predecessor-version":[{"id":2647,"href":"https:\/\/crucialnuevaepoca.com\/web\/wp-json\/wp\/v2\/posts\/2645\/revisions\/2647"}],"wp:featuredmedia":[{"embeddable":true,"href":"https:\/\/crucialnuevaepoca.com\/web\/wp-json\/wp\/v2\/media\/2646"}],"wp:attachment":[{"href":"https:\/\/crucialnuevaepoca.com\/web\/wp-json\/wp\/v2\/media?parent=2645"}],"wp:term":[{"taxonomy":"category","embeddable":true,"href":"https:\/\/crucialnuevaepoca.com\/web\/wp-json\/wp\/v2\/categories?post=2645"},{"taxonomy":"post_tag","embeddable":true,"href":"https:\/\/crucialnuevaepoca.com\/web\/wp-json\/wp\/v2\/tags?post=2645"}],"curies":[{"name":"wp","href":"https:\/\/api.w.org\/{rel}","templated":true}]}}