{"id":2750,"date":"2022-07-25T09:58:24","date_gmt":"2022-07-25T15:58:24","guid":{"rendered":"http:\/\/crucialnuevaepoca.com\/web\/?p=2750"},"modified":"2022-07-25T09:58:26","modified_gmt":"2022-07-25T15:58:26","slug":"fernando-rios-roman-ft-ariel-camacho-ganan-mejor-dueto-en-los-premios-de-la-calle-2022","status":"publish","type":"post","link":"https:\/\/crucialnuevaepoca.com\/web\/2022\/07\/25\/fernando-rios-roman-ft-ariel-camacho-ganan-mejor-dueto-en-los-premios-de-la-calle-2022\/","title":{"rendered":"FERNANDO R\u00cdOS ROM\u00c1N FT. ARIEL CAMACHO GANAN MEJOR DUETO EN LOS PREMIOS DE LA CALLE 2022"},"content":{"rendered":"\n<p>Rosarito, B.C.- Una fecha memorable vivi\u00f3 Fernando R\u00edos Rom\u00e1n durante la entrega de Los Premios de la Calle 2022, ya que gan\u00f3 como Mejor Dueto con el tema \u201cEl R-A\u201d, que grab\u00f3 junto a Ariel Camacho poco antes de su fallecimiento.<\/p>\n\n\n\n<p>El cantautor culiacanense, con m\u00e1s de 20 a\u00f1os en la m\u00fasica, estuvo nominado en cinco categor\u00edas en estos premios que por segunda ocasi\u00f3n se llevaron a cabo en Rosarito, Baja California.<\/p>\n\n\n\n<p>Las nominaciones que tuvo fueron Corrido del A\u00f1o y Mejor Compositor por el tema \u201cEl R-A\u201d, Mejor Composici\u00f3n, Solista Masculino y Mejor Dueto, en la que result\u00f3 triunfador.<\/p>\n\n\n\n<p>Cabe destacar que los fans de Ariel Camacho apoyaron incondicionalmente tanto a su \u00eddolo como a Fernando R\u00edos.<\/p>\n\n\n\n<p>\u00abiGente estoy agradecido por todo el apoyo del p\u00fablico, de las fans de Ariel Camacho, de los Premios de la Calle, de los medios de comunicaci\u00f3n, y por supuesto de mi compa\u00f1\u00eda Vickan Music por haber ganando este premio a Mejor Dueto con mi composici\u00f3n El R-A, que grab\u00e9 junto a Ariel Camacho. \u00a1Gracias!\u00bb, dijo Fernando R\u00edos Rom\u00e1n.<\/p>\n\n\n\n<p>Fernando R\u00edos Rom\u00e1n no convivi\u00f3 mucho con Ariel Camacho, porque el tiempo no se los permiti\u00f3, pero s\u00ed se dieron la oportunidad de disfrutar la grabaci\u00f3n de este tema que sigue trascendido de manera excepcional.<\/p>\n\n\n\n<p>Durante esta entrega en las instalaciones de la Feria de Rosarito, B.C., Fernando R\u00edos Rom\u00e1n comparti\u00f3 sus planes en la m\u00fasica en entrevistas con medios de distintas ciudades que se dieron cita, entre ellos de Televisa, Bandamax, VideRola, y otros de Baja California.<\/p>\n\n\n\n<p>El cantautor culiacanense tambi\u00e9n fue bien recibido por el p\u00fablico, quien le solicit\u00f3 aut\u00f3grafos y fotograf\u00edas en la alfombra azul, que cont\u00f3 con m\u00e1s de mil 500 famosos del regional mexicano.<\/p>\n\n\n\n<p>Fernando R\u00edos Rom\u00e1n est\u00e1 promocionando el disco \u201cLas que hicieron historia en vivo\u201d, bajo la producci\u00f3n de Vickan Music, y en \u201cEn los puritos huesos\u201d en su canal de Youtube, donde adem\u00e1s tiene disponible otras canciones para disfrute de sus seguidores.<\/p>\n","protected":false},"excerpt":{"rendered":"<p>Rosarito, B.C.- Una fecha memorable vivi\u00f3 Fernando R\u00edos Rom\u00e1n durante la entrega de Los Premios de la Calle 2022, ya que gan\u00f3 como Mejor Dueto con el tema \u201cEl R-A\u201d, que grab\u00f3 junto a Ariel Camacho poco antes de su fallecimiento. El cantautor culiacanense, con m\u00e1s de 20 a\u00f1os en la m\u00fasica, estuvo nominado en [&hellip;]<\/p>\n","protected":false},"author":2,"featured_media":2751,"comment_status":"open","ping_status":"open","sticky":false,"template":"","format":"standard","meta":{"footnotes":""},"categories":[184,93],"tags":[149,473,907,985,986],"class_list":["post-2750","post","type-post","status-publish","format-standard","has-post-thumbnail","hentry","category-espectaculos","category-principales","tag-baja-california","tag-espectaculos","tag-fernando-rios-roman","tag-premios-de-la-calle-2022","tag-rosarito"],"aioseo_notices":[],"_links":{"self":[{"href":"https:\/\/crucialnuevaepoca.com\/web\/wp-json\/wp\/v2\/posts\/2750","targetHints":{"allow":["GET"]}}],"collection":[{"href":"https:\/\/crucialnuevaepoca.com\/web\/wp-json\/wp\/v2\/posts"}],"about":[{"href":"https:\/\/crucialnuevaepoca.com\/web\/wp-json\/wp\/v2\/types\/post"}],"author":[{"embeddable":true,"href":"https:\/\/crucialnuevaepoca.com\/web\/wp-json\/wp\/v2\/users\/2"}],"replies":[{"embeddable":true,"href":"https:\/\/crucialnuevaepoca.com\/web\/wp-json\/wp\/v2\/comments?post=2750"}],"version-history":[{"count":1,"href":"https:\/\/crucialnuevaepoca.com\/web\/wp-json\/wp\/v2\/posts\/2750\/revisions"}],"predecessor-version":[{"id":2752,"href":"https:\/\/crucialnuevaepoca.com\/web\/wp-json\/wp\/v2\/posts\/2750\/revisions\/2752"}],"wp:featuredmedia":[{"embeddable":true,"href":"https:\/\/crucialnuevaepoca.com\/web\/wp-json\/wp\/v2\/media\/2751"}],"wp:attachment":[{"href":"https:\/\/crucialnuevaepoca.com\/web\/wp-json\/wp\/v2\/media?parent=2750"}],"wp:term":[{"taxonomy":"category","embeddable":true,"href":"https:\/\/crucialnuevaepoca.com\/web\/wp-json\/wp\/v2\/categories?post=2750"},{"taxonomy":"post_tag","embeddable":true,"href":"https:\/\/crucialnuevaepoca.com\/web\/wp-json\/wp\/v2\/tags?post=2750"}],"curies":[{"name":"wp","href":"https:\/\/api.w.org\/{rel}","templated":true}]}}