{"id":3357,"date":"2022-11-12T07:57:18","date_gmt":"2022-11-12T14:57:18","guid":{"rendered":"http:\/\/crucialnuevaepoca.com\/web\/?p=3357"},"modified":"2022-11-12T07:57:19","modified_gmt":"2022-11-12T14:57:19","slug":"con-270-votos-fue-aprobado-el-presupuesto-de-la-federacion-2023","status":"publish","type":"post","link":"https:\/\/crucialnuevaepoca.com\/web\/2022\/11\/12\/con-270-votos-fue-aprobado-el-presupuesto-de-la-federacion-2023\/","title":{"rendered":"CON 270 VOTOS FUE APROBADO EL PRESUPUESTO DE LA FEDERACI\u00d3N 2023"},"content":{"rendered":"\n<p><em>Por m\u00e1s de 8 billones de pesos<\/em><\/p>\n\n\n\n<p>   <strong>CIUDAD DE M\u00c9XICO, a s\u00e1bado 12 de noviembre de 2022. <\/strong>La C\u00e1mara de Diputados aprob\u00f3 anoche en lo particular el proyecto de Presupuesto de Egresos de la Federaci\u00f3n 2023, el cual contempla un gasto de 8 billones 299 mil 647.8 millones de pesos, monto superior en 1 bill\u00f3n 211 mil 397.5 millones, lo que representa un incremento en t\u00e9rminos reales de 11.5 por ciento respecto a 2022.<\/p>\n\n\n\n<p>La aprobaci\u00f3n fue por 270 votos a favor de Morena, PT y PVEM, 219 en contra del PAN, PRI, PRD y MC, y una abstenci\u00f3n del morenista Valent\u00edn Reyes, luego de desahogar 2 mil 268 reservas al articulado a lo largo de cuatro d\u00edas presentadas por 386 oradores. De ellas s\u00f3lo fueron aceptadas 4 y el resto se rechazaron.<\/p>\n\n\n\n<p>Sin la presencia de los pri\u00edstas y la mayor\u00eda de los panistas que se retiraron del sal\u00f3n de sesiones en cuanto concluy\u00f3 el debate, los morenistas festejaron con el estribillo de \u201coh\u00e9, oh\u00e9, oh\u00e9,oh\u00e9 M\u00e9xico gan\u00f3\u201d, para luego cantarle \u201cLas ma\u00f1anitas\u201d de manera adelantada al presidente Andr\u00e9s Manuel L\u00f3pez Obrador, cuyo cumplea\u00f1os es el pr\u00f3ximo domingo.<\/p>\n\n\n\n<p>La discusi\u00f3n estuvo marcada por las constantes referencias a la marcha del pr\u00f3ximo domingo \u201cen defensa del Instituto Nacional Electoral\u201d por parte de la oposici\u00f3n, que a la menor provocaci\u00f3n core\u00f3 el estribillo de \u201cEl INE no se toca\u201d.<\/p>\n\n\n\n<p>Aleida Alavez, vicecoordinador de Morena en San L\u00e1zaro, pidi\u00f3 a sus adversarios no mentir. Nadie ha propuesto que el INE deje de ser aut\u00f3nomo; fortalezcamos al \u00f3rgano electoral y a la democracia en M\u00e9xico, pidi\u00f3.<\/p>\n\n\n\n<p>\u00bfQu\u00e9 clase de sociedad ser\u00edamos si \u00e9stas dependieran s\u00f3lo de dotar al instituto de millonarios recursos para que los consejeros vivan como millonarios con el dinero p\u00fablico?, pregunt\u00f3<\/p>\n\n\n\n<p>El INE no es Lorenzo o alguno de sus consejeros. Autonom\u00eda no es impunidad. Austeridad no es dictadura.Por eso, el domingo, dijo que ella no va a participar en esa manifestaci\u00f3n, porque no marcha con \u201chip\u00f3critas que enga\u00f1an al pueblo\u201d.<\/p>\n\n\n\n<p>Fondo para Seguridad<\/p>\n\n\n\n<p>Por otra parte, los legisladores aprobaron un fondo para el fortalecimiento de las polic\u00edas estatales y municipales por mil millones de pesos, a fin de dar cumplimiento al decreto por el cual se ampl\u00eda a 2028 la participaci\u00f3n de las fuerzas armadas en tareas de seguridad p\u00fablica.<\/p>\n\n\n\n<p>Luego de que la mesa directiva de San L\u00e1zaro puntualiz\u00f3 que esos recursos se restar de la partida destinada al Consejo de la Judicatura Federal, cuya asignaci\u00f3n queda en 68 mil 933.8 millones de pesos, el panista Jorge Triana resalt\u00f3 que el desaparecido Fondo de Fortalecimiento para la Seguridad (Fortaseg) ten\u00eda una asignaci\u00f3n de 14 mil millones de pesos, de manera que \u201cnos deben 13 mil millones de pesos\u201d.<\/p>\n\n\n\n<p>Adem\u00e1s, puntualiz\u00f3 que los mil millones de pesos se los quitan al poder judicial y es una cantidad marginal lo que se da a Estados y Municipios. <strong>(LA JORNADA).<\/strong><\/p>\n","protected":false},"excerpt":{"rendered":"<p>Por m\u00e1s de 8 billones de pesos CIUDAD DE M\u00c9XICO, a s\u00e1bado 12 de noviembre de 2022. La C\u00e1mara de Diputados aprob\u00f3 anoche en lo particular el proyecto de Presupuesto de Egresos de la Federaci\u00f3n 2023, el cual contempla un gasto de 8 billones 299 mil 647.8 millones de pesos, monto superior en 1 bill\u00f3n [&hellip;]<\/p>\n","protected":false},"author":4,"featured_media":3358,"comment_status":"open","ping_status":"open","sticky":false,"template":"","format":"standard","meta":{"footnotes":""},"categories":[28,93],"tags":[263,124,38,40,13],"class_list":["post-3357","post","type-post","status-publish","format-standard","has-post-thumbnail","hentry","category-nacional","category-principales","tag-hector-melesio-cuen-ojeda","tag-rector-maduena","tag-rocha-moya","tag-sinaloa","tag-uas"],"aioseo_notices":[],"_links":{"self":[{"href":"https:\/\/crucialnuevaepoca.com\/web\/wp-json\/wp\/v2\/posts\/3357","targetHints":{"allow":["GET"]}}],"collection":[{"href":"https:\/\/crucialnuevaepoca.com\/web\/wp-json\/wp\/v2\/posts"}],"about":[{"href":"https:\/\/crucialnuevaepoca.com\/web\/wp-json\/wp\/v2\/types\/post"}],"author":[{"embeddable":true,"href":"https:\/\/crucialnuevaepoca.com\/web\/wp-json\/wp\/v2\/users\/4"}],"replies":[{"embeddable":true,"href":"https:\/\/crucialnuevaepoca.com\/web\/wp-json\/wp\/v2\/comments?post=3357"}],"version-history":[{"count":2,"href":"https:\/\/crucialnuevaepoca.com\/web\/wp-json\/wp\/v2\/posts\/3357\/revisions"}],"predecessor-version":[{"id":3360,"href":"https:\/\/crucialnuevaepoca.com\/web\/wp-json\/wp\/v2\/posts\/3357\/revisions\/3360"}],"wp:featuredmedia":[{"embeddable":true,"href":"https:\/\/crucialnuevaepoca.com\/web\/wp-json\/wp\/v2\/media\/3358"}],"wp:attachment":[{"href":"https:\/\/crucialnuevaepoca.com\/web\/wp-json\/wp\/v2\/media?parent=3357"}],"wp:term":[{"taxonomy":"category","embeddable":true,"href":"https:\/\/crucialnuevaepoca.com\/web\/wp-json\/wp\/v2\/categories?post=3357"},{"taxonomy":"post_tag","embeddable":true,"href":"https:\/\/crucialnuevaepoca.com\/web\/wp-json\/wp\/v2\/tags?post=3357"}],"curies":[{"name":"wp","href":"https:\/\/api.w.org\/{rel}","templated":true}]}}