{"id":508,"date":"2021-12-21T11:45:24","date_gmt":"2021-12-21T18:45:24","guid":{"rendered":"http:\/\/crucialnuevaepoca.com\/web\/?p=508"},"modified":"2021-12-21T11:45:26","modified_gmt":"2021-12-21T18:45:26","slug":"la-educacion-volvera-a-ser-100-presencial-en-colombia-a-partir-de-2022","status":"publish","type":"post","link":"https:\/\/crucialnuevaepoca.com\/web\/2021\/12\/21\/la-educacion-volvera-a-ser-100-presencial-en-colombia-a-partir-de-2022\/","title":{"rendered":"LA EDUCACI\u00d3N VOLVER\u00c1 A SER 100 % PRESENCIAL EN COLOMBIA A PARTIR DE 2022"},"content":{"rendered":"\n<p>Bogot\u00e1, 21 dic (EFE).- Los estudiantes de instituciones p\u00fablicas y privadas de Colombia regresar\u00e1n a clases presenciales en 2022, inform\u00f3 este martes el ministro de Salud, Fernando Ruiz, quien dijo que la medida se toma con base en el concepto del comit\u00e9 que asesora el Gobierno en el manejo de la covid-19 y del avance del plan de vacunaci\u00f3n.<\/p>\n\n\n\n<p>\u00a9 Proporcionado por Agencia EFE<br>\u00abEl Ministerio de Salud, con base en las recomendaciones del Comit\u00e9 Asesor Epidemiol\u00f3gico, ha tomado la decisi\u00f3n de eliminar a partir de la fecha los aforos para todos los \u00e1mbitos de educaci\u00f3n, incluyendo educaci\u00f3n inicial, primaria, secundaria, superior, y educaci\u00f3n para el trabajo y el desarrollo humano\u00bb, dijo Ruiz.<\/p>\n\n\n\n<p>En el segundo semestre de este a\u00f1o las instituciones educativas colombianas reanudaron clases presenciales pero con limitaciones en cuanto al n\u00famero de estudiantes por sal\u00f3n, y al mismo tiempo miles de estudiantes siguieron su educaci\u00f3n de manera virtual.<\/p>\n\n\n\n<p>El ministro explic\u00f3 que la disposici\u00f3n del regreso a la educaci\u00f3n totalmente presencial se adopt\u00f3 por los \u00abgrandes avances\u00bb del Plan Nacional de Vacunaci\u00f3n contra el coronavirus, que tiene altas coberturas de inmunizaci\u00f3n en docentes, ni\u00f1os y adolescentes.<\/p>\n\n\n\n<p>A prop\u00f3sito del Plan, las autoridades de salud informaron hoy que el domingo fueron aplicadas 114.016 vacunas contra la covid-19, de las cuales 59.558 corresponden a segundas dosis y 7.314 a la f\u00f3rmula monodosis de la farmac\u00e9utica Janssen.<\/p>\n\n\n\n<p>Con eso ya han sido aplicadas en el pa\u00eds 62,6 millones de dosis y 27,2 millones de personas cuentan con su esquema completo de vacunaci\u00f3n, mientras que 2,7 millones de ciudadanos han recibido dosis de refuerzo.<\/p>\n\n\n\n<p>Sobre el regreso a la presencialidad total, la ministra de Educaci\u00f3n, Mar\u00eda Victoria Angulo, expres\u00f3 que \u00abesta es una decisi\u00f3n muy importante para el sector educativo\u00bb, al tiempo que llam\u00f3 a los padres, madres y cuidadores de menores a continuar con la vacunaci\u00f3n para tener una burbuja escolar protegida contra el coronavirus.<\/p>\n\n\n\n<p>En Colombia han fallecido por la pandemia 129.487 personas y el n\u00famero de contagios es de 5.109.022, seg\u00fan cifras del Ministerio de Salud, que el lunes inform\u00f3 que fueron detectados los primeros tres casos de la variante \u00f3micron de la covid-19 en viajeros que llegaron de Estados Unidos y Espa\u00f1a.<\/p>\n","protected":false},"excerpt":{"rendered":"<p>Bogot\u00e1, 21 dic (EFE).- Los estudiantes de instituciones p\u00fablicas y privadas de Colombia regresar\u00e1n a clases presenciales en 2022, inform\u00f3 este martes el ministro de Salud, Fernando Ruiz, quien dijo que la medida se toma con base en el concepto del comit\u00e9 que asesora el Gobierno en el manejo de la covid-19 y del avance [&hellip;]<\/p>\n","protected":false},"author":2,"featured_media":509,"comment_status":"open","ping_status":"open","sticky":false,"template":"","format":"standard","meta":{"footnotes":""},"categories":[29],"tags":[157,130,14],"class_list":["post-508","post","type-post","status-publish","format-standard","has-post-thumbnail","hentry","category-internacional","tag-colombia","tag-covid-19","tag-educacion"],"aioseo_notices":[],"_links":{"self":[{"href":"https:\/\/crucialnuevaepoca.com\/web\/wp-json\/wp\/v2\/posts\/508","targetHints":{"allow":["GET"]}}],"collection":[{"href":"https:\/\/crucialnuevaepoca.com\/web\/wp-json\/wp\/v2\/posts"}],"about":[{"href":"https:\/\/crucialnuevaepoca.com\/web\/wp-json\/wp\/v2\/types\/post"}],"author":[{"embeddable":true,"href":"https:\/\/crucialnuevaepoca.com\/web\/wp-json\/wp\/v2\/users\/2"}],"replies":[{"embeddable":true,"href":"https:\/\/crucialnuevaepoca.com\/web\/wp-json\/wp\/v2\/comments?post=508"}],"version-history":[{"count":1,"href":"https:\/\/crucialnuevaepoca.com\/web\/wp-json\/wp\/v2\/posts\/508\/revisions"}],"predecessor-version":[{"id":510,"href":"https:\/\/crucialnuevaepoca.com\/web\/wp-json\/wp\/v2\/posts\/508\/revisions\/510"}],"wp:featuredmedia":[{"embeddable":true,"href":"https:\/\/crucialnuevaepoca.com\/web\/wp-json\/wp\/v2\/media\/509"}],"wp:attachment":[{"href":"https:\/\/crucialnuevaepoca.com\/web\/wp-json\/wp\/v2\/media?parent=508"}],"wp:term":[{"taxonomy":"category","embeddable":true,"href":"https:\/\/crucialnuevaepoca.com\/web\/wp-json\/wp\/v2\/categories?post=508"},{"taxonomy":"post_tag","embeddable":true,"href":"https:\/\/crucialnuevaepoca.com\/web\/wp-json\/wp\/v2\/tags?post=508"}],"curies":[{"name":"wp","href":"https:\/\/api.w.org\/{rel}","templated":true}]}}