{"id":518,"date":"2021-12-13T12:40:00","date_gmt":"2021-12-13T19:40:00","guid":{"rendered":"http:\/\/crucialnuevaepoca.com\/web\/?p=518"},"modified":"2021-12-21T12:42:16","modified_gmt":"2021-12-21T19:42:16","slug":"fortalecen-tradicion-alfarera-de-el-valle-mocorito","status":"publish","type":"post","link":"https:\/\/crucialnuevaepoca.com\/web\/2021\/12\/13\/fortalecen-tradicion-alfarera-de-el-valle-mocorito\/","title":{"rendered":"FORTALECEN TRADICI\u00d3N ALFARERA DE EL VALLE, MOCORITO"},"content":{"rendered":"\n<p>El programa federal denominado \u00abConvite Cultural\u00bb lleg\u00f3 a su fin luego de 10 d\u00edas de trabajos en conjunto con el H. Ayuntamiento de Mocorito para implementar talleres de alfarer\u00eda en la cabecera de la Sindicatura de El Valle y fortalecer la herencia cultural del barro al inculcar y ense\u00f1ar t\u00e9cnicas artesanales en la poblaci\u00f3n, sobre todo en las nuevas generaciones.<br>Para el evento de clausura, se llev\u00f3 a cabo una muestra de piezas de barro elaboradas por los alumnos que estuvieron participando cada mi\u00e9rcoles desde el 6 de octubre hasta hoy. Adem\u00e1s de ello, los asistentes se divirtieron con la presentaci\u00f3n de Juan Carlos Uribe, quien ofreci\u00f3 un espect\u00e1culo teatral titulado \u201cFantas\u00edas de un Vagabundo\u201d y otros entretenidos actos. As\u00ed como tambi\u00e9n, Ernesto Padilla, habitante de la localidad, quien dio una demostraci\u00f3n de canto en dialecto yoreme. Sin dejar de mencionar otras muestras de artesan\u00edas y manualidades que enriquecieron la clausura del convite.<br>Iv\u00e1n Camargo promotor cultural, expres\u00f3 su agradecimiento para los participantes y el apoyo para el gobierno municipal de Mocorito. Mientras que Yesenia Pe\u00f1a Ram\u00edrez, Directora del Instituto Municipal de Cultura respondi\u00f3 que para el gobierno de Mar\u00eda Elizalde, es un honor trabajar en equipo y en beneficio de la cultura. Tal como en esta ocasi\u00f3n, en donde gracias a este programa, se logr\u00f3 recordar la ra\u00edces y fortalecer esta bonita tradici\u00f3n de trabajar el barro, por lo que ahora los conocimientos de la artesana, Juliana Zepeda P\u00e9rez se han esparcido y transmitido a una nueva generaci\u00f3n.<\/p>\n","protected":false},"excerpt":{"rendered":"<p>El programa federal denominado \u00abConvite Cultural\u00bb lleg\u00f3 a su fin luego de 10 d\u00edas de trabajos en conjunto con el H. Ayuntamiento de Mocorito para implementar talleres de alfarer\u00eda en la cabecera de la Sindicatura de El Valle y fortalecer la herencia cultural del barro al inculcar y ense\u00f1ar t\u00e9cnicas artesanales en la poblaci\u00f3n, sobre [&hellip;]<\/p>\n","protected":false},"author":2,"featured_media":519,"comment_status":"open","ping_status":"open","sticky":false,"template":"","format":"standard","meta":{"footnotes":""},"categories":[30],"tags":[168,169,33,167],"class_list":["post-518","post","type-post","status-publish","format-standard","has-post-thumbnail","hentry","category-sinaloa","tag-alfareria","tag-el-valle","tag-mocorito","tag-pueblo-magico-2"],"aioseo_notices":[],"_links":{"self":[{"href":"https:\/\/crucialnuevaepoca.com\/web\/wp-json\/wp\/v2\/posts\/518","targetHints":{"allow":["GET"]}}],"collection":[{"href":"https:\/\/crucialnuevaepoca.com\/web\/wp-json\/wp\/v2\/posts"}],"about":[{"href":"https:\/\/crucialnuevaepoca.com\/web\/wp-json\/wp\/v2\/types\/post"}],"author":[{"embeddable":true,"href":"https:\/\/crucialnuevaepoca.com\/web\/wp-json\/wp\/v2\/users\/2"}],"replies":[{"embeddable":true,"href":"https:\/\/crucialnuevaepoca.com\/web\/wp-json\/wp\/v2\/comments?post=518"}],"version-history":[{"count":1,"href":"https:\/\/crucialnuevaepoca.com\/web\/wp-json\/wp\/v2\/posts\/518\/revisions"}],"predecessor-version":[{"id":520,"href":"https:\/\/crucialnuevaepoca.com\/web\/wp-json\/wp\/v2\/posts\/518\/revisions\/520"}],"wp:featuredmedia":[{"embeddable":true,"href":"https:\/\/crucialnuevaepoca.com\/web\/wp-json\/wp\/v2\/media\/519"}],"wp:attachment":[{"href":"https:\/\/crucialnuevaepoca.com\/web\/wp-json\/wp\/v2\/media?parent=518"}],"wp:term":[{"taxonomy":"category","embeddable":true,"href":"https:\/\/crucialnuevaepoca.com\/web\/wp-json\/wp\/v2\/categories?post=518"},{"taxonomy":"post_tag","embeddable":true,"href":"https:\/\/crucialnuevaepoca.com\/web\/wp-json\/wp\/v2\/tags?post=518"}],"curies":[{"name":"wp","href":"https:\/\/api.w.org\/{rel}","templated":true}]}}