{"id":534,"date":"2021-12-09T13:13:00","date_gmt":"2021-12-09T20:13:00","guid":{"rendered":"http:\/\/crucialnuevaepoca.com\/web\/?p=534"},"modified":"2021-12-21T13:58:04","modified_gmt":"2021-12-21T20:58:04","slug":"mocoritenses-piden-a-la-virgen-inmaculada-interceder-por-ellos","status":"publish","type":"post","link":"https:\/\/crucialnuevaepoca.com\/web\/2021\/12\/09\/mocoritenses-piden-a-la-virgen-inmaculada-interceder-por-ellos\/","title":{"rendered":"MOCORITENSES PIDEN A LA VIRGEN INMACULADA INTERCEDER POR ELLOS"},"content":{"rendered":"\n<p>Una de las tradiciones m\u00e1s antiguas del pueblo de Mocorito, son las festividades religiosas de la Virgen Pur\u00edsima Inmaculada Concepci\u00f3n, la cual es considerada en la fe cat\u00f3lica como la patrona de Mocorito, por lo que sus devotos aprovecharon para pedir su intersecci\u00f3n divina.<\/p>\n\n\n\n<p>Como ya es una costumbre, el obispo visita esta parroquia cada a\u00f1o para oficiar la santa misa el d\u00eda 8 de diciembre. En esta ocasi\u00f3n no fue la excepci\u00f3n, ya que Jon\u00e1s Guerrero Corona arrib\u00f3 al Pueblo M\u00e1gico, poco antes de las 5:00 pm para llevar a cabo la celebraci\u00f3n religiosa, en la cual tambi\u00e9n estuvo presente la alcaldesa, Mar\u00eda Elizalde, quien con gusto atendi\u00f3 la invitaci\u00f3n de las autoridades religiosas.<\/p>\n\n\n\n<p>En el transcurso de la misa, adem\u00e1s de pedir la intercesi\u00f3n divina en favor del pueblo. El obispo tambi\u00e9n dej\u00f3 un mensaje a la comunidad para que vivan en armon\u00eda y comuni\u00f3n, sin perder el di\u00e1logo y buscando el bien de todos.<\/p>\n\n\n\n<figure class=\"wp-block-image size-full\"><img fetchpriority=\"high\" decoding=\"async\" width=\"850\" height=\"489\" src=\"http:\/\/crucialnuevaepoca.com\/web\/wp-content\/uploads\/2021\/12\/13-2.jpg\" alt=\"\" class=\"wp-image-536\" srcset=\"https:\/\/crucialnuevaepoca.com\/web\/wp-content\/uploads\/2021\/12\/13-2.jpg 850w, https:\/\/crucialnuevaepoca.com\/web\/wp-content\/uploads\/2021\/12\/13-2-300x173.jpg 300w, https:\/\/crucialnuevaepoca.com\/web\/wp-content\/uploads\/2021\/12\/13-2-768x442.jpg 768w\" sizes=\"(max-width: 850px) 100vw, 850px\" \/><figcaption>Virgen Pur\u00edsima Inmaculada Concepci\u00f3n<\/figcaption><\/figure>\n\n\n\n<p>Por su parte, la alcaldesa, al t\u00e9rmino de la misa reconoci\u00f3 la importancia de dicha tradici\u00f3n. Tambi\u00e9n agradeci\u00f3 la invitaci\u00f3n y felicit\u00f3 a las personas participantes y autoridades religiosas por desarrollar dichas celebraciones de una manera responsable y sin incidentes. Recalc\u00f3 que como gobierno, tienen una responsabilidad compartida con el tema de la seguridad en el contexto de salvaguardar a la poblaci\u00f3n y evitar incidentes de riesgo de cualquier tipo. Por ello, tambi\u00e9n felicit\u00f3 a las \u00e1reas de auxilio y resguardo que estuvieron atentos a cualquier situaci\u00f3n.<\/p>\n","protected":false},"excerpt":{"rendered":"<p>Una de las tradiciones m\u00e1s antiguas del pueblo de Mocorito, son las festividades religiosas de la Virgen Pur\u00edsima Inmaculada Concepci\u00f3n, la cual es considerada en la fe cat\u00f3lica como la patrona de Mocorito, por lo que sus devotos aprovecharon para pedir su intersecci\u00f3n divina. Como ya es una costumbre, el obispo visita esta parroquia cada [&hellip;]<\/p>\n","protected":false},"author":2,"featured_media":535,"comment_status":"open","ping_status":"open","sticky":false,"template":"","format":"standard","meta":{"footnotes":""},"categories":[30],"tags":[174,33,167],"class_list":["post-534","post","type-post","status-publish","format-standard","has-post-thumbnail","hentry","category-sinaloa","tag-la-purisima-2","tag-mocorito","tag-pueblo-magico-2"],"aioseo_notices":[],"_links":{"self":[{"href":"https:\/\/crucialnuevaepoca.com\/web\/wp-json\/wp\/v2\/posts\/534","targetHints":{"allow":["GET"]}}],"collection":[{"href":"https:\/\/crucialnuevaepoca.com\/web\/wp-json\/wp\/v2\/posts"}],"about":[{"href":"https:\/\/crucialnuevaepoca.com\/web\/wp-json\/wp\/v2\/types\/post"}],"author":[{"embeddable":true,"href":"https:\/\/crucialnuevaepoca.com\/web\/wp-json\/wp\/v2\/users\/2"}],"replies":[{"embeddable":true,"href":"https:\/\/crucialnuevaepoca.com\/web\/wp-json\/wp\/v2\/comments?post=534"}],"version-history":[{"count":1,"href":"https:\/\/crucialnuevaepoca.com\/web\/wp-json\/wp\/v2\/posts\/534\/revisions"}],"predecessor-version":[{"id":537,"href":"https:\/\/crucialnuevaepoca.com\/web\/wp-json\/wp\/v2\/posts\/534\/revisions\/537"}],"wp:featuredmedia":[{"embeddable":true,"href":"https:\/\/crucialnuevaepoca.com\/web\/wp-json\/wp\/v2\/media\/535"}],"wp:attachment":[{"href":"https:\/\/crucialnuevaepoca.com\/web\/wp-json\/wp\/v2\/media?parent=534"}],"wp:term":[{"taxonomy":"category","embeddable":true,"href":"https:\/\/crucialnuevaepoca.com\/web\/wp-json\/wp\/v2\/categories?post=534"},{"taxonomy":"post_tag","embeddable":true,"href":"https:\/\/crucialnuevaepoca.com\/web\/wp-json\/wp\/v2\/tags?post=534"}],"curies":[{"name":"wp","href":"https:\/\/api.w.org\/{rel}","templated":true}]}}