{"id":5824,"date":"2023-04-05T16:41:06","date_gmt":"2023-04-05T23:41:06","guid":{"rendered":"http:\/\/crucialnuevaepoca.com\/web\/?p=5824"},"modified":"2023-04-05T16:41:06","modified_gmt":"2023-04-05T23:41:06","slug":"con-hat-trick-de-benzema-al-barcelona-pone-al-real-en-la-final","status":"publish","type":"post","link":"https:\/\/crucialnuevaepoca.com\/web\/2023\/04\/05\/con-hat-trick-de-benzema-al-barcelona-pone-al-real-en-la-final\/","title":{"rendered":"CON HAT-TRICK DE BENZEMA AL BARCELONA, PONE AL REAL EN LA FINAL"},"content":{"rendered":"\n<p><em>De la Copa del Rey ante el Osasuna el 6 de mayo<\/em><\/p>\n\n\n\n<p>  <strong>BARCELONA, ESPA\u00d1A., a mi\u00e9rcoles 5 de abril de 2023.- <\/strong> El<strong>\u00a0<\/strong><a href=\"http:\/\/Real Madrid\" title=\"\"><strong>Real Madrid<\/strong>\u00a0<\/a>jugar\u00e1 la final de la<a href=\"http:\/\/Copa del Rey\" title=\"\">\u00a0<strong>Copa del Rey<\/strong><\/a>\u00a0tras golear en el Camp Nou. El equipo ten\u00eda que remontar el 0-1 de la ida y lo consigui\u00f3 de forma contundente. Los de\u00a0<strong>Ancelotti<\/strong>\u00a0se marcharon al descanso con 0-1 tras el gol de\u00a0<strong>Vini Jr.<\/strong>\u00a0en el a\u00f1adido al culminar un r\u00e1pido contraataque. Ya en la segunda mitad lleg\u00f3 la demostraci\u00f3n de pegada del campe\u00f3n de Europa y del\u00a0<strong>Bal\u00f3n de Oro<\/strong>, que logr\u00f3 su segundo\u00a0<em>hat-trick<\/em>\u00a0en apenas tres d\u00edas.\u00a0<strong>Benzema<\/strong>\u00a0marc\u00f3 el 0-2 en el 49\u2019 con un ajustado disparo desde la frontal. Ocho minutos despu\u00e9s hizo el 0-3 al transformar un penalti que cometi\u00f3 Kessi\u00e9 sobre\u00a0<strong>Vini Jr.\u00a0<\/strong>Y en el 80\u2019 cerr\u00f3 la goleada de nuestro equipo superando a Ter Stegen en el mano a mano, previa asistencia magistral de\u00a0<strong>Vini Jr.\u00a0<\/strong>El s\u00e1bado, 6 de mayo, el\u00a0<strong>Real Madrid<\/strong>\u00a0buscar\u00e1 ante Osasuna su vig\u00e9sima Copa del Rey.<\/p>\n\n\n\n<figure class=\"wp-block-image size-large\"><img fetchpriority=\"high\" decoding=\"async\" width=\"819\" height=\"1024\" src=\"http:\/\/crucialnuevaepoca.com\/web\/wp-content\/uploads\/2023\/04\/rean2-819x1024.jpg\" alt=\"\" class=\"wp-image-5826\"\/><\/figure>\n\n\n\n<p><br>Nuestro equipo pudo marcar antes, en el 12\u2019, tras un gran centro de\u00a0<strong>Rodrygo\u00a0<\/strong>a<strong>\u00a0Vini Jr.<\/strong>, pero Araujo salv\u00f3 a los locales sobre la l\u00ednea de gol. Dos minutos despu\u00e9s, respondi\u00f3 el Barcelona con un testarazo de Rapinha dentro del \u00e1rea que no cre\u00f3 problemas a\u00a0<strong>Courtois<\/strong>. <\/p>\n\n\n\n<p>   El dominio del esf\u00e9rico era alterno y apenas se crearon m\u00e1s ocasiones hasta el minuto 33. Centr\u00f3<strong>\u00a0Kroos<\/strong>\u00a0y el bal\u00f3n termin\u00f3 en las manos de Ter Stegen tras la volea de\u00a0<strong>Benzema<\/strong>. Parec\u00eda que se iba a llegar al descanso sin goles, pero lleg\u00f3 la jugada del 0-1.\u00a0<strong>Courtois<\/strong>\u00a0evit\u00f3 el tanto de Lewandowski con una espectacular estirada y en el r\u00e1pido contragolpe de los de\u00a0<strong>Ancelotti<\/strong>, el disparo de\u00a0<strong>Vini Jr.<\/strong>, previa asistencia de\u00a0<strong>Benzema<\/strong>, golpe\u00f3 en Kound\u00e9 y se aloj\u00f3 en la porter\u00eda. <\/p>\n","protected":false},"excerpt":{"rendered":"<p>De la Copa del Rey ante el Osasuna el 6 de mayo BARCELONA, ESPA\u00d1A., a mi\u00e9rcoles 5 de abril de 2023.- El\u00a0Real Madrid\u00a0jugar\u00e1 la final de la\u00a0Copa del Rey\u00a0tras golear en el Camp Nou. El equipo ten\u00eda que remontar el 0-1 de la ida y lo consigui\u00f3 de forma contundente. Los de\u00a0Ancelotti\u00a0se marcharon al descanso [&hellip;]<\/p>\n","protected":false},"author":4,"featured_media":5825,"comment_status":"open","ping_status":"open","sticky":false,"template":"","format":"standard","meta":{"footnotes":""},"categories":[93,31],"tags":[1694,1695,1700,1693],"class_list":["post-5824","post","type-post","status-publish","format-standard","has-post-thumbnail","hentry","category-principales","category-deportes","tag-barcelona","tag-copa-del-rey","tag-laliga","tag-real-madrid"],"aioseo_notices":[],"_links":{"self":[{"href":"https:\/\/crucialnuevaepoca.com\/web\/wp-json\/wp\/v2\/posts\/5824","targetHints":{"allow":["GET"]}}],"collection":[{"href":"https:\/\/crucialnuevaepoca.com\/web\/wp-json\/wp\/v2\/posts"}],"about":[{"href":"https:\/\/crucialnuevaepoca.com\/web\/wp-json\/wp\/v2\/types\/post"}],"author":[{"embeddable":true,"href":"https:\/\/crucialnuevaepoca.com\/web\/wp-json\/wp\/v2\/users\/4"}],"replies":[{"embeddable":true,"href":"https:\/\/crucialnuevaepoca.com\/web\/wp-json\/wp\/v2\/comments?post=5824"}],"version-history":[{"count":1,"href":"https:\/\/crucialnuevaepoca.com\/web\/wp-json\/wp\/v2\/posts\/5824\/revisions"}],"predecessor-version":[{"id":5827,"href":"https:\/\/crucialnuevaepoca.com\/web\/wp-json\/wp\/v2\/posts\/5824\/revisions\/5827"}],"wp:featuredmedia":[{"embeddable":true,"href":"https:\/\/crucialnuevaepoca.com\/web\/wp-json\/wp\/v2\/media\/5825"}],"wp:attachment":[{"href":"https:\/\/crucialnuevaepoca.com\/web\/wp-json\/wp\/v2\/media?parent=5824"}],"wp:term":[{"taxonomy":"category","embeddable":true,"href":"https:\/\/crucialnuevaepoca.com\/web\/wp-json\/wp\/v2\/categories?post=5824"},{"taxonomy":"post_tag","embeddable":true,"href":"https:\/\/crucialnuevaepoca.com\/web\/wp-json\/wp\/v2\/tags?post=5824"}],"curies":[{"name":"wp","href":"https:\/\/api.w.org\/{rel}","templated":true}]}}