{"id":5828,"date":"2023-04-06T10:42:46","date_gmt":"2023-04-06T17:42:46","guid":{"rendered":"http:\/\/crucialnuevaepoca.com\/web\/?p=5828"},"modified":"2023-04-06T10:42:46","modified_gmt":"2023-04-06T17:42:46","slug":"tercera-etapa-de-regularizacion-de-autos-extranjeros-a-partir-del-10-de-abril","status":"publish","type":"post","link":"https:\/\/crucialnuevaepoca.com\/web\/2023\/04\/06\/tercera-etapa-de-regularizacion-de-autos-extranjeros-a-partir-del-10-de-abril\/","title":{"rendered":"TERCERA ETAPA DE REGULARIZACI\u00d3N DE AUTOS EXTRANJEROS, A PARTIR DEL 10 DE ABRIL"},"content":{"rendered":"\n<p><strong>Culiac\u00e1n, Sinaloa, a jueves 6 de abril de 2023.-<\/strong>&nbsp;<strong>A partir del lunes 10 de abril&nbsp;<\/strong>inicia la tercera ampliaci\u00f3n del decreto de regularizaci\u00f3n de veh\u00edculos de procedencia extranjera en Sinaloa.<\/p>\n\n\n\n<p>El&nbsp;<strong>decreto, publicado el 31 de marzo del presente<\/strong>&nbsp;<strong>a\u00f1o<\/strong>, se mantiene bajo las mismas condiciones que las etapas anteriores, permitiendo la regularizaci\u00f3n solamente para los veh\u00edculos cuyo n\u00famero de serie corresponda al de fabricaci\u00f3n o ensamble del veh\u00edculo en M\u00e9xico, Estados Unidos de Am\u00e9rica o Canad\u00e1, de modelos 2017 y anteriores, ingresados al pa\u00eds hasta el 19 de octubre de 2021.<\/p>\n\n\n\n<p>Ante versiones de medios de comunicaci\u00f3n que se\u00f1alan presuntas modificaciones al decreto para permitir la regularizaci\u00f3n de veh\u00edculos procedentes de otros pa\u00edses, la Titular del Centro Estatal de Informaci\u00f3n del&nbsp;<a href=\"http:\/\/sesesp\/\">SESESP<\/a>&nbsp;y enlace de&nbsp;<a href=\"http:\/\/repuve\/\">REPUVE<\/a>&nbsp;en Sinaloa, Patricia \u00cd\u00f1iguez L\u00f3pez, descart\u00f3 que esto sea as\u00ed, pues el \u00fanico cambio en el decreto es la extensi\u00f3n del plazo de regularizaci\u00f3n al mes de junio de 2023, manteniendo todos los dem\u00e1s criterios que se han aplicado desde abril de 2022 que inici\u00f3 este proceso en Sinaloa.<\/p>\n\n\n\n<p><strong><em>\u201cLas condiciones del decreto contin\u00faan siendo las mismas, \u00fanicamente se pueden regularizar veh\u00edculos cuyo n\u00famero de serie inicie con n\u00fameros del 1 al 5, es decir, veh\u00edculos ensamblados en M\u00e9xico, Estados Unidos o Canad\u00e1; solamente se podr\u00e1n regularizar veh\u00edculos con n\u00famero de serie que inicien con letra cuando el decreto lo establezca, y por el momento en esta ampliaci\u00f3n no es as\u00ed\u201d, explic\u00f3.<\/em><\/strong><\/p>\n\n\n\n<p>La funcionaria estatal llam\u00f3 a la ciudadan\u00eda a consultar solo fuentes oficiales y evitar compartir informaci\u00f3n que no est\u00e9 verificada por el Gobierno estatal o federal.<\/p>\n\n\n\n<p>Las citas para la nueva etapa de regularizaci\u00f3n estar\u00e1n disponibles a partir del lunes 10 de abril. La \u00fanica p\u00e1gina oficial <strong>para agendar citas es https:\/\/regularizaauto.sspc.gob.mx\/.\u00a0(Redacci\u00f3n).<\/strong><\/p>\n\n\n\n<figure class=\"wp-block-gallery has-nested-images columns-default is-cropped wp-block-gallery-1 is-layout-flex wp-block-gallery-is-layout-flex\">\n<figure class=\"wp-block-image size-large\"><img fetchpriority=\"high\" decoding=\"async\" width=\"768\" height=\"1024\" data-id=\"5830\" src=\"http:\/\/crucialnuevaepoca.com\/web\/wp-content\/uploads\/2023\/04\/autos-768x1024.jpg\" alt=\"\" class=\"wp-image-5830\" srcset=\"https:\/\/crucialnuevaepoca.com\/web\/wp-content\/uploads\/2023\/04\/autos-768x1024.jpg 768w, https:\/\/crucialnuevaepoca.com\/web\/wp-content\/uploads\/2023\/04\/autos-225x300.jpg 225w, https:\/\/crucialnuevaepoca.com\/web\/wp-content\/uploads\/2023\/04\/autos-1152x1536.jpg 1152w, https:\/\/crucialnuevaepoca.com\/web\/wp-content\/uploads\/2023\/04\/autos.jpg 1200w\" sizes=\"(max-width: 768px) 100vw, 768px\" \/><\/figure>\n\n\n\n<figure class=\"wp-block-image size-large\"><img decoding=\"async\" width=\"768\" height=\"1024\" data-id=\"5838\" src=\"http:\/\/crucialnuevaepoca.com\/web\/wp-content\/uploads\/2023\/04\/autos1-768x1024.jpg\" alt=\"\" class=\"wp-image-5838\" srcset=\"https:\/\/crucialnuevaepoca.com\/web\/wp-content\/uploads\/2023\/04\/autos1-768x1024.jpg 768w, https:\/\/crucialnuevaepoca.com\/web\/wp-content\/uploads\/2023\/04\/autos1-225x300.jpg 225w, https:\/\/crucialnuevaepoca.com\/web\/wp-content\/uploads\/2023\/04\/autos1-1152x1536.jpg 1152w, https:\/\/crucialnuevaepoca.com\/web\/wp-content\/uploads\/2023\/04\/autos1.jpg 1200w\" sizes=\"(max-width: 768px) 100vw, 768px\" \/><\/figure>\n\n\n\n<figure class=\"wp-block-image size-large\"><img decoding=\"async\" width=\"768\" height=\"1024\" data-id=\"5836\" src=\"http:\/\/crucialnuevaepoca.com\/web\/wp-content\/uploads\/2023\/04\/autos2-768x1024.jpg\" alt=\"\" class=\"wp-image-5836\" srcset=\"https:\/\/crucialnuevaepoca.com\/web\/wp-content\/uploads\/2023\/04\/autos2-768x1024.jpg 768w, https:\/\/crucialnuevaepoca.com\/web\/wp-content\/uploads\/2023\/04\/autos2-225x300.jpg 225w, https:\/\/crucialnuevaepoca.com\/web\/wp-content\/uploads\/2023\/04\/autos2-1152x1536.jpg 1152w, https:\/\/crucialnuevaepoca.com\/web\/wp-content\/uploads\/2023\/04\/autos2.jpg 1200w\" sizes=\"(max-width: 768px) 100vw, 768px\" \/><\/figure>\n\n\n\n<figure class=\"wp-block-image size-large\"><img loading=\"lazy\" decoding=\"async\" width=\"768\" height=\"1024\" data-id=\"5832\" src=\"http:\/\/crucialnuevaepoca.com\/web\/wp-content\/uploads\/2023\/04\/autos3-768x1024.jpg\" alt=\"\" class=\"wp-image-5832\" srcset=\"https:\/\/crucialnuevaepoca.com\/web\/wp-content\/uploads\/2023\/04\/autos3-768x1024.jpg 768w, https:\/\/crucialnuevaepoca.com\/web\/wp-content\/uploads\/2023\/04\/autos3-225x300.jpg 225w, https:\/\/crucialnuevaepoca.com\/web\/wp-content\/uploads\/2023\/04\/autos3-1152x1536.jpg 1152w, https:\/\/crucialnuevaepoca.com\/web\/wp-content\/uploads\/2023\/04\/autos3.jpg 1200w\" sizes=\"(max-width: 768px) 100vw, 768px\" \/><\/figure>\n\n\n\n<figure class=\"wp-block-image size-large\"><img loading=\"lazy\" decoding=\"async\" width=\"768\" height=\"1024\" data-id=\"5833\" src=\"http:\/\/crucialnuevaepoca.com\/web\/wp-content\/uploads\/2023\/04\/autos4-768x1024.jpg\" alt=\"\" class=\"wp-image-5833\" srcset=\"https:\/\/crucialnuevaepoca.com\/web\/wp-content\/uploads\/2023\/04\/autos4-768x1024.jpg 768w, https:\/\/crucialnuevaepoca.com\/web\/wp-content\/uploads\/2023\/04\/autos4-225x300.jpg 225w, https:\/\/crucialnuevaepoca.com\/web\/wp-content\/uploads\/2023\/04\/autos4-1152x1536.jpg 1152w, https:\/\/crucialnuevaepoca.com\/web\/wp-content\/uploads\/2023\/04\/autos4.jpg 1200w\" sizes=\"(max-width: 768px) 100vw, 768px\" \/><\/figure>\n\n\n\n<figure class=\"wp-block-image size-large\"><img loading=\"lazy\" decoding=\"async\" width=\"768\" height=\"1024\" data-id=\"5831\" src=\"http:\/\/crucialnuevaepoca.com\/web\/wp-content\/uploads\/2023\/04\/autos5-768x1024.jpg\" alt=\"\" class=\"wp-image-5831\" srcset=\"https:\/\/crucialnuevaepoca.com\/web\/wp-content\/uploads\/2023\/04\/autos5-768x1024.jpg 768w, https:\/\/crucialnuevaepoca.com\/web\/wp-content\/uploads\/2023\/04\/autos5-225x300.jpg 225w, https:\/\/crucialnuevaepoca.com\/web\/wp-content\/uploads\/2023\/04\/autos5-1152x1536.jpg 1152w, https:\/\/crucialnuevaepoca.com\/web\/wp-content\/uploads\/2023\/04\/autos5.jpg 1200w\" sizes=\"(max-width: 768px) 100vw, 768px\" \/><\/figure>\n\n\n\n<figure class=\"wp-block-image size-large\"><img loading=\"lazy\" decoding=\"async\" width=\"1024\" height=\"768\" data-id=\"5837\" src=\"http:\/\/crucialnuevaepoca.com\/web\/wp-content\/uploads\/2023\/04\/autos7-1024x768.jpg\" alt=\"\" class=\"wp-image-5837\" srcset=\"https:\/\/crucialnuevaepoca.com\/web\/wp-content\/uploads\/2023\/04\/autos7-1024x768.jpg 1024w, https:\/\/crucialnuevaepoca.com\/web\/wp-content\/uploads\/2023\/04\/autos7-300x225.jpg 300w, https:\/\/crucialnuevaepoca.com\/web\/wp-content\/uploads\/2023\/04\/autos7-768x576.jpg 768w, https:\/\/crucialnuevaepoca.com\/web\/wp-content\/uploads\/2023\/04\/autos7-1536x1152.jpg 1536w, https:\/\/crucialnuevaepoca.com\/web\/wp-content\/uploads\/2023\/04\/autos7.jpg 1600w\" sizes=\"(max-width: 1024px) 100vw, 1024px\" \/><\/figure>\n\n\n\n<figure class=\"wp-block-image size-large\"><img loading=\"lazy\" decoding=\"async\" width=\"768\" height=\"1024\" data-id=\"5834\" src=\"http:\/\/crucialnuevaepoca.com\/web\/wp-content\/uploads\/2023\/04\/autos8-768x1024.jpg\" alt=\"\" class=\"wp-image-5834\" srcset=\"https:\/\/crucialnuevaepoca.com\/web\/wp-content\/uploads\/2023\/04\/autos8-768x1024.jpg 768w, https:\/\/crucialnuevaepoca.com\/web\/wp-content\/uploads\/2023\/04\/autos8-225x300.jpg 225w, https:\/\/crucialnuevaepoca.com\/web\/wp-content\/uploads\/2023\/04\/autos8-1152x1536.jpg 1152w, https:\/\/crucialnuevaepoca.com\/web\/wp-content\/uploads\/2023\/04\/autos8.jpg 1200w\" sizes=\"(max-width: 768px) 100vw, 768px\" \/><\/figure>\n<\/figure>\n","protected":false},"excerpt":{"rendered":"<p>Culiac\u00e1n, Sinaloa, a jueves 6 de abril de 2023.-&nbsp;A partir del lunes 10 de abril&nbsp;inicia la tercera ampliaci\u00f3n del decreto de regularizaci\u00f3n de veh\u00edculos de procedencia extranjera en Sinaloa. El&nbsp;decreto, publicado el 31 de marzo del presente&nbsp;a\u00f1o, se mantiene bajo las mismas condiciones que las etapas anteriores, permitiendo la regularizaci\u00f3n solamente para los veh\u00edculos cuyo [&hellip;]<\/p>\n","protected":false},"author":4,"featured_media":5829,"comment_status":"open","ping_status":"open","sticky":false,"template":"","format":"standard","meta":{"footnotes":""},"categories":[93,30],"tags":[38,40],"class_list":["post-5828","post","type-post","status-publish","format-standard","has-post-thumbnail","hentry","category-principales","category-sinaloa","tag-rocha-moya","tag-sinaloa"],"aioseo_notices":[],"_links":{"self":[{"href":"https:\/\/crucialnuevaepoca.com\/web\/wp-json\/wp\/v2\/posts\/5828","targetHints":{"allow":["GET"]}}],"collection":[{"href":"https:\/\/crucialnuevaepoca.com\/web\/wp-json\/wp\/v2\/posts"}],"about":[{"href":"https:\/\/crucialnuevaepoca.com\/web\/wp-json\/wp\/v2\/types\/post"}],"author":[{"embeddable":true,"href":"https:\/\/crucialnuevaepoca.com\/web\/wp-json\/wp\/v2\/users\/4"}],"replies":[{"embeddable":true,"href":"https:\/\/crucialnuevaepoca.com\/web\/wp-json\/wp\/v2\/comments?post=5828"}],"version-history":[{"count":1,"href":"https:\/\/crucialnuevaepoca.com\/web\/wp-json\/wp\/v2\/posts\/5828\/revisions"}],"predecessor-version":[{"id":5839,"href":"https:\/\/crucialnuevaepoca.com\/web\/wp-json\/wp\/v2\/posts\/5828\/revisions\/5839"}],"wp:featuredmedia":[{"embeddable":true,"href":"https:\/\/crucialnuevaepoca.com\/web\/wp-json\/wp\/v2\/media\/5829"}],"wp:attachment":[{"href":"https:\/\/crucialnuevaepoca.com\/web\/wp-json\/wp\/v2\/media?parent=5828"}],"wp:term":[{"taxonomy":"category","embeddable":true,"href":"https:\/\/crucialnuevaepoca.com\/web\/wp-json\/wp\/v2\/categories?post=5828"},{"taxonomy":"post_tag","embeddable":true,"href":"https:\/\/crucialnuevaepoca.com\/web\/wp-json\/wp\/v2\/tags?post=5828"}],"curies":[{"name":"wp","href":"https:\/\/api.w.org\/{rel}","templated":true}]}}