{"id":5873,"date":"2023-04-08T12:44:19","date_gmt":"2023-04-08T19:44:19","guid":{"rendered":"http:\/\/crucialnuevaepoca.com\/web\/?p=5873"},"modified":"2023-04-08T12:44:23","modified_gmt":"2023-04-08T19:44:23","slug":"michel-benitez-revisara-el-sistema-de-pensiones-y-fortalecera-el-sueldo-base","status":"publish","type":"post","link":"https:\/\/crucialnuevaepoca.com\/web\/2023\/04\/08\/michel-benitez-revisara-el-sistema-de-pensiones-y-fortalecera-el-sueldo-base\/","title":{"rendered":"MICHEL BEN\u00cdTEZ REVISAR\u00c1 EL SISTEMA DE PENSIONES Y FORTALECER\u00c1 EL SUELDO BASE"},"content":{"rendered":"\n<p><em>Candidato de la Planilla Roja a la Secretaria General del STASE<\/em><\/p>\n\n\n\n<p>   <strong>CULIAC\u00c1N, a s\u00e1bado 8 de abril de 2023.-<\/strong> <a href=\"http:\/\/Michel Ben\u00edtez Uriarte\" title=\"\">Michel Ben\u00edtez Uriarte<\/a> sostuvo que a partir de que asuma la dirigencia en 2023 su compromiso ser\u00e1 luchar para fortalecer a los trabajadores afiliados al STASE en materia de pensiones y jubilaciones, as\u00ed como revisar la legislaci\u00f3n, din\u00e1mica y situaci\u00f3n del Instituto de Pensiones del Estado de Sinaloa.<\/p>\n\n\n\n<p>El candidato por la planilla roja a Secretario General del <a href=\"http:\/\/Sindicato de Trabajadores al Servicio del Estado de Sinaloa (STASE)\" title=\"\">Sindicato de Trabajadores al Servicio del Estado de Sinaloa (STASE)<\/a>, afirm\u00f3 que una prioridad de su plan de trabajo es garantizar una vida digna para la y el sindicalizado despu\u00e9s de su jubilaci\u00f3n y mejorar su situaci\u00f3n actual en sueldo base y prestaciones.<\/p>\n\n\n\n<p><strong><em>\u201cBuscamos proteger todo lo que ampara a una persona de base en su trabajo para su bienestar individual y en la colectividad familiar\u201d, dijo.<\/em><\/strong><\/p>\n\n\n\n<p>Apunt\u00f3 que definitivamente se debe legislar para mejorar la Ley del IPES en defensa de los derechos de los trabajadores sindicalizados y que puedan tener una vida digna despu\u00e9s de su retiro.<br><\/p>\n\n\n\n<figure class=\"wp-block-image size-large\"><img fetchpriority=\"high\" decoding=\"async\" width=\"1024\" height=\"682\" src=\"http:\/\/crucialnuevaepoca.com\/web\/wp-content\/uploads\/2023\/04\/MICHEL173-1024x682.jpg\" alt=\"\" class=\"wp-image-5875\" srcset=\"https:\/\/crucialnuevaepoca.com\/web\/wp-content\/uploads\/2023\/04\/MICHEL173-1024x682.jpg 1024w, https:\/\/crucialnuevaepoca.com\/web\/wp-content\/uploads\/2023\/04\/MICHEL173-300x200.jpg 300w, https:\/\/crucialnuevaepoca.com\/web\/wp-content\/uploads\/2023\/04\/MICHEL173-768x512.jpg 768w, https:\/\/crucialnuevaepoca.com\/web\/wp-content\/uploads\/2023\/04\/MICHEL173-1536x1023.jpg 1536w, https:\/\/crucialnuevaepoca.com\/web\/wp-content\/uploads\/2023\/04\/MICHEL173.jpg 1600w\" sizes=\"(max-width: 1024px) 100vw, 1024px\" \/><\/figure>\n\n\n\n<p>Sostuvo que uno de sus compromisos inmediatos es pugnar por un incremento salarial reflejado en el concepto 01 que es el referente al sueldo base y continuar con una revisi\u00f3n anual de aumento que vaya de acuerdo con la inflaci\u00f3n.<\/p>\n\n\n\n<p><strong><em>\u201cEn lo que se refiere a la ley de pensiones hay un asunto, que muchos trabajadores ya ten\u00edan antig\u00fcedad laboral del 2009 hacia atr\u00e1s en el Gobierno del Estado y despu\u00e9s de la ley del IPES los dejaron en cuentas individuales, nosotros estamos buscando pues que se pueda dejar en transitorios de la Ley porque es un derecho que se les vulner\u00f3\u201d, coment\u00f3.<\/em><\/strong><\/p>\n\n\n\n<p>En estas vacaciones de Semana Santa, Michel sigue prepar\u00e1ndose seguro de que le ser\u00e1 favorable el resultado electoral de las elecciones el 19, 20 y 21 de abril pr\u00f3ximos, en la zona norte, zona&nbsp; sur y zona centro en Culiac\u00e1n &nbsp;respectivamente.<\/p>\n\n\n\n<p>Michel rendir\u00e1 protesta el 2 de mayo, una vez que sea declarado electo, como Secretario General del STASE para el periodo 2023-2026, y uno de los temas prioritarios que atender\u00e1 de inmediato ser\u00e1 lo relativo a las pensiones y jubilaciones. <\/p>\n\n\n\n<p>   El 2 de mayo de 2023 el STASE cumplir\u00e1 55 a\u00f1os, poco m\u00e1s de medio siglo, once lustros, en una transici\u00f3n del siglo XX al siglo XXI, en el que Michel ser\u00e1 el fundador de la etapa de la Innovaci\u00f3n, el Progreso y el Bienestar, un nuevo enfoque integral en el cual los pensionados y jubilados tienen un lugar asegurado con respeto, dignidad y fortaleza. <strong><em>(Redacci\u00f3n).<\/em><\/strong><\/p>\n\n\n\n<figure class=\"wp-block-gallery has-nested-images columns-default is-cropped wp-block-gallery-1 is-layout-flex wp-block-gallery-is-layout-flex\">\n<figure class=\"wp-block-image size-large\"><img decoding=\"async\" width=\"720\" height=\"477\" data-id=\"5876\" src=\"http:\/\/crucialnuevaepoca.com\/web\/wp-content\/uploads\/2023\/04\/MICHEL17.jpg\" alt=\"\" class=\"wp-image-5876\" srcset=\"https:\/\/crucialnuevaepoca.com\/web\/wp-content\/uploads\/2023\/04\/MICHEL17.jpg 720w, https:\/\/crucialnuevaepoca.com\/web\/wp-content\/uploads\/2023\/04\/MICHEL17-300x199.jpg 300w\" sizes=\"(max-width: 720px) 100vw, 720px\" \/><\/figure>\n\n\n\n<figure class=\"wp-block-image size-full\"><img decoding=\"async\" width=\"720\" height=\"480\" data-id=\"5878\" src=\"http:\/\/crucialnuevaepoca.com\/web\/wp-content\/uploads\/2023\/04\/MICHEL172.jpg\" alt=\"\" class=\"wp-image-5878\" srcset=\"https:\/\/crucialnuevaepoca.com\/web\/wp-content\/uploads\/2023\/04\/MICHEL172.jpg 720w, https:\/\/crucialnuevaepoca.com\/web\/wp-content\/uploads\/2023\/04\/MICHEL172-300x200.jpg 300w\" sizes=\"(max-width: 720px) 100vw, 720px\" \/><\/figure>\n<\/figure>\n","protected":false},"excerpt":{"rendered":"<p>Candidato de la Planilla Roja a la Secretaria General del STASE CULIAC\u00c1N, a s\u00e1bado 8 de abril de 2023.- Michel Ben\u00edtez Uriarte sostuvo que a partir de que asuma la dirigencia en 2023 su compromiso ser\u00e1 luchar para fortalecer a los trabajadores afiliados al STASE en materia de pensiones y jubilaciones, as\u00ed como revisar la [&hellip;]<\/p>\n","protected":false},"author":4,"featured_media":5874,"comment_status":"open","ping_status":"open","sticky":false,"template":"","format":"standard","meta":{"footnotes":""},"categories":[93,30],"tags":[1702,1701,619],"class_list":["post-5873","post","type-post","status-publish","format-standard","has-post-thumbnail","hentry","category-principales","category-sinaloa","tag-michel-benitez-uriarte","tag-sindicato-de-trabajadores-al-servicio-del-estado-de-sinaloa","tag-stase"],"aioseo_notices":[],"_links":{"self":[{"href":"https:\/\/crucialnuevaepoca.com\/web\/wp-json\/wp\/v2\/posts\/5873","targetHints":{"allow":["GET"]}}],"collection":[{"href":"https:\/\/crucialnuevaepoca.com\/web\/wp-json\/wp\/v2\/posts"}],"about":[{"href":"https:\/\/crucialnuevaepoca.com\/web\/wp-json\/wp\/v2\/types\/post"}],"author":[{"embeddable":true,"href":"https:\/\/crucialnuevaepoca.com\/web\/wp-json\/wp\/v2\/users\/4"}],"replies":[{"embeddable":true,"href":"https:\/\/crucialnuevaepoca.com\/web\/wp-json\/wp\/v2\/comments?post=5873"}],"version-history":[{"count":1,"href":"https:\/\/crucialnuevaepoca.com\/web\/wp-json\/wp\/v2\/posts\/5873\/revisions"}],"predecessor-version":[{"id":5879,"href":"https:\/\/crucialnuevaepoca.com\/web\/wp-json\/wp\/v2\/posts\/5873\/revisions\/5879"}],"wp:featuredmedia":[{"embeddable":true,"href":"https:\/\/crucialnuevaepoca.com\/web\/wp-json\/wp\/v2\/media\/5874"}],"wp:attachment":[{"href":"https:\/\/crucialnuevaepoca.com\/web\/wp-json\/wp\/v2\/media?parent=5873"}],"wp:term":[{"taxonomy":"category","embeddable":true,"href":"https:\/\/crucialnuevaepoca.com\/web\/wp-json\/wp\/v2\/categories?post=5873"},{"taxonomy":"post_tag","embeddable":true,"href":"https:\/\/crucialnuevaepoca.com\/web\/wp-json\/wp\/v2\/tags?post=5873"}],"curies":[{"name":"wp","href":"https:\/\/api.w.org\/{rel}","templated":true}]}}