{"id":5965,"date":"2023-04-11T10:10:35","date_gmt":"2023-04-11T17:10:35","guid":{"rendered":"http:\/\/crucialnuevaepoca.com\/web\/?p=5965"},"modified":"2023-04-11T10:10:36","modified_gmt":"2023-04-11T17:10:36","slug":"juez-declara-quiebra-de-interjet-y-ordena-la-venta-de-sus-bienes","status":"publish","type":"post","link":"https:\/\/crucialnuevaepoca.com\/web\/2023\/04\/11\/juez-declara-quiebra-de-interjet-y-ordena-la-venta-de-sus-bienes\/","title":{"rendered":"JUEZ DECLARA QUIEBRA DE INTERJET Y ORDENA LA VENTA DE SUS BIENES"},"content":{"rendered":"\n<p>Un juez federal declar\u00f3 oficialmente en quiebra a la aerol\u00ednea Interjet y orden\u00f3 el remate de sus bienes para liquidar sus compromisos financieros con distintos acreedores.<\/p>\n\n\n\n<p>El Juzgado Segundo de Distrito en Materia de Concursos Mercantiles emiti\u00f3 la sentencia de la compa\u00f1\u00eda desde el pasado 4 de abril, decisi\u00f3n que se hizo p\u00fablica mediante un acuerdo publicado en el portal del Consejo de la Judicatura Federal.<\/p>\n\n\n\n<p>En la resoluci\u00f3n se ordena al Instituto Federal de Especialistas de Concursos Mercantiles que ratifique al conciliador en los pr\u00f3ximos cinco d\u00edas, adem\u00e1s de que suspendi\u00f3 la capacidad de ejercicio de la aerol\u00ednea sobre sus bienes y derechos.<\/p>\n\n\n\n<p>Tambi\u00e9n, el juez orden\u00f3 la entrega al s\u00edndico de los bienes de la empresa, con excepci\u00f3n de aquellos inalienables, inembargables e imprescriptibles, con el fin de que sean rematados para finiquitar los deudos de la empresa.<\/p>\n\n\n\n<p>\u201cSe ordena al s\u00edndico que proceda a la enajenaci\u00f3n de los bienes y derechos que integran la Masa, en t\u00e9rminos de los art\u00edculos 197 y siguientes de la Ley de Concursos Mercantiles, procurando obtener el mayor producto posible por su enajenaci\u00f3n, a fin de hacer pago a los acreedores\u201d, indica la resoluci\u00f3n. La deuda de Interjet con acreedores, empleados y el fisco asciende a m\u00e1s de mil 250 millones de d\u00f3lares, de acuerdo con informaci\u00f3n de la propia compa\u00f1\u00eda.<\/p>\n\n\n\n<p>En septiembre del a\u00f1o pasado, la entonces jefa del Servicio de Administraci\u00f3n Tributaria (SAT), Raquel Buenrostro, dijo que la aerol\u00ednea ten\u00eda un adeudo por unos 30 mil millones de pesos.<\/p>\n\n\n\n<p>La quiebra de Interjet se da a casi ocho meses de que el mismo Juzgado Segundo de Distrito en Materia de Concursos Mercantiles declar\u00f3 a la empresa en concurso mercantil.<\/p>\n\n\n\n<p>En agosto, el magistrado orden\u00f3 a la compa\u00f1\u00eda poner a disposici\u00f3Cren del conciliador los libros, registros y dem\u00e1s documentos, as\u00ed como los recursos necesarios para sufragar las publicaciones y gastos de registro previstos en la Ley de Concursos Mercantiles.<\/p>\n\n\n\n<p>De igual modo, suspendi\u00f3 los pagos de adeudos contra\u00eddos con anterioridad a la fecha en que comenz\u00f3 a surtir efectos la sentencia de concurso mercantil.<\/p>\n\n\n\n<p>Entonces, el director general adjunto de la aerol\u00ednea, Carlos del Valle, celebr\u00f3 la sentencia porque ayudar\u00eda a fortalecer la posici\u00f3n financiera de Interjet y proteger\u00eda sus activos en lo que pon\u00eda orden en su deuda. Previamente, Del Valle dijo a El Sol de M\u00e9xico que la reestructura de la compa\u00f1\u00eda ten\u00eda 95 por ciento de avance, con acuerdos con proveedores, un convenio con American Express Global Pay para regresar el dinero a clientes que compraron boletos y no pudieron volar, as\u00ed como la revisi\u00f3n de los trabajadores que seguir\u00e1n colaborando con Interjet, entre otros.<\/p>\n\n\n\n<p>\u201cHubo un desfalco total de los grupos directivos que manejaron la empresa, incluso ten\u00edan \u2018aviadores\u2019, pero no de los que nosotros necesitamos, met\u00edan gente que ni siquiera exist\u00eda para cobrar n\u00f3minas que no exist\u00edan\u201d, cont\u00f3 a este medio. Solo dos temas frenaban el reinicio de operaciones de la empresa: firmar un periodo de pago de impuestos con el SAT y llegar a acuerdos con el sindicato, dijo el empresario.<\/p>\n\n\n\n<p>Interjet dej\u00f3 de volar en diciembre de 2020, a consecuencia de la crisis por la pandemia y los millonarios adeudos de la compa\u00f1\u00eda. En junio de ese a\u00f1o, un grupo de inversionistas encabezado por Alejandro del Valle y Carlos Cabal Peniche invirti\u00f3 150 millones de d\u00f3lares para el rescate de la empresa fundada en 2005 por la familia Alem\u00e1n. En noviembre Cabal Peniche se retir\u00f3 de la inversi\u00f3n y unos d\u00edas despu\u00e9s, Alejandro del Valle fue ratificado como CEO de la compa\u00f1\u00eda, dejando fuera a Miguel Alem\u00e1n Magnani que se qued\u00f3 como inversionista minoritario y quien se exili\u00f3 en Francia tras ser acusado de defraudaci\u00f3n fiscal por 66 millones de pesos.<\/p>\n\n\n\n<p>Del Valle tambi\u00e9n fue acusado de fraude fiscal por la financiera Cr\u00e9dito Real, por lo que pas\u00f3 m\u00e1s de dos meses en prisi\u00f3n en 2021 y tras ser liberado, se fue a vivir a Houston, dejando el rescate de la aerol\u00ednea en manos de su hijo Carlos.<\/p>\n\n\n\n<p>De esta manera, la quiebra de Interjet se confirma a dos meses de que Aeromar ces\u00f3 operaciones, derivado tambi\u00e9n de sus problemas financieros.<\/p>\n","protected":false},"excerpt":{"rendered":"<p>Un juez federal declar\u00f3 oficialmente en quiebra a la aerol\u00ednea Interjet y orden\u00f3 el remate de sus bienes para liquidar sus compromisos financieros con distintos acreedores. El Juzgado Segundo de Distrito en Materia de Concursos Mercantiles emiti\u00f3 la sentencia de la compa\u00f1\u00eda desde el pasado 4 de abril, decisi\u00f3n que se hizo p\u00fablica mediante un [&hellip;]<\/p>\n","protected":false},"author":2,"featured_media":5966,"comment_status":"open","ping_status":"open","sticky":false,"template":"","format":"standard","meta":{"footnotes":""},"categories":[28,93],"tags":[1719,1715,1718,1716,1717],"class_list":["post-5965","post","type-post","status-publish","format-standard","has-post-thumbnail","hentry","category-nacional","category-principales","tag-aeroplinea","tag-bancarrota","tag-interjet","tag-quiebra","tag-sentencia"],"aioseo_notices":[],"_links":{"self":[{"href":"https:\/\/crucialnuevaepoca.com\/web\/wp-json\/wp\/v2\/posts\/5965","targetHints":{"allow":["GET"]}}],"collection":[{"href":"https:\/\/crucialnuevaepoca.com\/web\/wp-json\/wp\/v2\/posts"}],"about":[{"href":"https:\/\/crucialnuevaepoca.com\/web\/wp-json\/wp\/v2\/types\/post"}],"author":[{"embeddable":true,"href":"https:\/\/crucialnuevaepoca.com\/web\/wp-json\/wp\/v2\/users\/2"}],"replies":[{"embeddable":true,"href":"https:\/\/crucialnuevaepoca.com\/web\/wp-json\/wp\/v2\/comments?post=5965"}],"version-history":[{"count":1,"href":"https:\/\/crucialnuevaepoca.com\/web\/wp-json\/wp\/v2\/posts\/5965\/revisions"}],"predecessor-version":[{"id":5967,"href":"https:\/\/crucialnuevaepoca.com\/web\/wp-json\/wp\/v2\/posts\/5965\/revisions\/5967"}],"wp:featuredmedia":[{"embeddable":true,"href":"https:\/\/crucialnuevaepoca.com\/web\/wp-json\/wp\/v2\/media\/5966"}],"wp:attachment":[{"href":"https:\/\/crucialnuevaepoca.com\/web\/wp-json\/wp\/v2\/media?parent=5965"}],"wp:term":[{"taxonomy":"category","embeddable":true,"href":"https:\/\/crucialnuevaepoca.com\/web\/wp-json\/wp\/v2\/categories?post=5965"},{"taxonomy":"post_tag","embeddable":true,"href":"https:\/\/crucialnuevaepoca.com\/web\/wp-json\/wp\/v2\/tags?post=5965"}],"curies":[{"name":"wp","href":"https:\/\/api.w.org\/{rel}","templated":true}]}}