{"id":6194,"date":"2023-04-22T08:32:39","date_gmt":"2023-04-22T15:32:39","guid":{"rendered":"http:\/\/crucialnuevaepoca.com\/web\/?p=6194"},"modified":"2023-04-22T08:33:26","modified_gmt":"2023-04-22T15:33:26","slug":"agradecen-al-rector-jesus-maduena-molina-hacer-realidad-la-ampliacion-de-la-prepatoria-mochis-extension","status":"publish","type":"post","link":"https:\/\/crucialnuevaepoca.com\/web\/2023\/04\/22\/agradecen-al-rector-jesus-maduena-molina-hacer-realidad-la-ampliacion-de-la-prepatoria-mochis-extension\/","title":{"rendered":"AGRADECEN AL RECTOR JES\u00daS MADUE\u00d1A MOLINA HACER REALIDAD LA AMPLIACI\u00d3N DE LA PREPATORIA MOCHIS EXTENSI\u00d3N"},"content":{"rendered":"\n<p><strong>CULIAC\u00c1N, a abril de 2023.-<\/strong>&nbsp;Estudiantes, docentes y padres de familia de la&nbsp;<strong>Preparatoria Mochis Extensi\u00f3n Macapule<\/strong>&nbsp;expresaron su agradecimiento a la&nbsp;<a href=\"http:\/\/xn--universidad%20autnoma%20de%20sinaloa%20%28uas%29-rve\/\">Universidad Aut\u00f3noma de Sinaloa (UAS)<\/a>, encabezada por el&nbsp;<strong><a href=\"http:\/\/xn--rector%2C%20doctor%20jess%20maduea%20molina-9ce90b\/\">Rector, doctor Jes\u00fas Madue\u00f1a Molina<\/a><\/strong>, porque ahora cuentan con m\u00e1s espacios que beneficiar\u00e1n el aprovechamiento escolar.<\/p>\n\n\n\n<p><strong><em>\u201cMe siento muy contenta porque al principio cre\u00eda que la prepa era muy peque\u00f1a, que el espacio era reducido y ahora que nos la ampliaron podemos tener mayor comodidad, antes estaban todos los salones ocupados y no pod\u00edamos tener los espacios como biblioteca, o laboratorio y centro de c\u00f3mputo, ahora tenemos un aula destinada para cada sal\u00f3n y m\u00e1s comodidades\u201d, expres\u00f3 la alumna Erika Mar\u00eda Guerrero Apodaca.<\/em><\/strong><\/p>\n\n\n\n<p>Para el alumno \u00c1ngel Fernando Montiel Villarreal las nuevas instalaciones son un buen cambio porque antes tomaba clases en el \u00e1rea de laboratorio, ahora su compromiso es cuidar las nuevas instalaciones.<\/p>\n\n\n\n<p>Los docentes del plantel coincidieron en que desde hace tiempo se buscaba ampliar la infraestructura, agradecieron que se haya tomado en cuenta a esta Extensi\u00f3n para habilitarla con tres aulas porque esto contribuye a brindar una educaci\u00f3n de m\u00e1s calidad a los estudiantes.<\/p>\n\n\n\n<p><strong><em>\u201cAhora ya tienen su propia aula, ya los j\u00f3venes no se tienen que mover, y todos cuentan con su butaca, con su lugar id\u00f3neo para poder aprender\u201d, expres\u00f3 el maestro Zayto Baltazar Pe\u00f1uelas Borboa, mientras que la maestra Yuridia Parra \u00c1lvarez consider\u00f3 importante que la comunidad se entere que el plantel est\u00e1 creciendo para atender a una mayor demanda sobre todo en esta zona rural.<\/em><\/strong><\/p>\n\n\n\n<p>\u201cEl doctor Jes\u00fas Madue\u00f1a Molina est\u00e1 haciendo un trabajo excelente al venir a entregar estas obras que en verdad benefician a la comunidad de Macapule (\u2026) beneficia a los j\u00f3venes y a nosotros tambi\u00e9n porque los espacios crecen y nos favorece en que el contexto escolar se vuelve m\u00e1s agradable y los j\u00f3venes se motivan\u201d, opin\u00f3 el maestro Julio Soto.<\/p>\n\n\n\n<p><strong><em>\u201cPara nosotros como parte de la planta docente nos sentimos muy orgullosos, felices de poder contar con nuevas instalaciones, todo gracias a nuestro Rector, Jes\u00fas Madue\u00f1a que hace posible lo que era antes un sue\u00f1o, una realidad, para nosotros como docentes y a los estudiantes\u201d, dijo la maestra Marilyn Wong G\u00e1mez.<\/em><\/strong><\/p>\n\n\n\n<figure class=\"wp-block-image size-large\"><img fetchpriority=\"high\" decoding=\"async\" width=\"1024\" height=\"683\" src=\"http:\/\/crucialnuevaepoca.com\/web\/wp-content\/uploads\/2023\/04\/UAS12-1024x683.jpg\" alt=\"\" class=\"wp-image-6196\" srcset=\"https:\/\/crucialnuevaepoca.com\/web\/wp-content\/uploads\/2023\/04\/UAS12-1024x683.jpg 1024w, https:\/\/crucialnuevaepoca.com\/web\/wp-content\/uploads\/2023\/04\/UAS12-300x200.jpg 300w, https:\/\/crucialnuevaepoca.com\/web\/wp-content\/uploads\/2023\/04\/UAS12-768x512.jpg 768w, https:\/\/crucialnuevaepoca.com\/web\/wp-content\/uploads\/2023\/04\/UAS12.jpg 1500w\" sizes=\"(max-width: 1024px) 100vw, 1024px\" \/><\/figure>\n\n\n\n<p>Madres de familia dijeron sentirse contentas porque sus hijos estar\u00e1n m\u00e1s a gusto al tomar sus clases, y como la se\u00f1ora Mar\u00eda del Rosario L\u00f3pez Mart\u00ednez, agradecieron el apoyo que la UAS brinda al Ejido Macapule.<\/p>\n\n\n\n<p><strong><em>\u201cContenta, feliz, porque como va a entrar mi hijo aqu\u00ed, ya veo m\u00e1s salones y van a estar m\u00e1s c\u00f3modos (\u2026) les agradezco mucho que hagan esta entrega porque hac\u00eda mucha falta y se les agradece mucho de todo coraz\u00f3n\u201d, manifest\u00f3 la se\u00f1ora Roxana Uriarte Pe\u00f1a.<\/em><\/strong><\/p>\n\n\n\n<p>Ana Luisa Ruiz Valenzuela, madre de familia, valor\u00f3 que contar con m\u00e1s espacios ayuda a que los j\u00f3venes no tengan que trasladarse hasta Los Mochis para estudiar la preparatoria.<strong>\u00a0(Redacci\u00f3n).<\/strong><\/p>\n\n\n\n<figure class=\"wp-block-image size-large\"><img decoding=\"async\" width=\"1024\" height=\"1024\" src=\"http:\/\/crucialnuevaepoca.com\/web\/wp-content\/uploads\/2023\/04\/UAS122-1024x1024.jpg\" alt=\"\" class=\"wp-image-6197\" srcset=\"https:\/\/crucialnuevaepoca.com\/web\/wp-content\/uploads\/2023\/04\/UAS122-1024x1024.jpg 1024w, https:\/\/crucialnuevaepoca.com\/web\/wp-content\/uploads\/2023\/04\/UAS122-300x300.jpg 300w, https:\/\/crucialnuevaepoca.com\/web\/wp-content\/uploads\/2023\/04\/UAS122-150x150.jpg 150w, https:\/\/crucialnuevaepoca.com\/web\/wp-content\/uploads\/2023\/04\/UAS122-768x768.jpg 768w, https:\/\/crucialnuevaepoca.com\/web\/wp-content\/uploads\/2023\/04\/UAS122-45x45.jpg 45w, https:\/\/crucialnuevaepoca.com\/web\/wp-content\/uploads\/2023\/04\/UAS122.jpg 1080w\" sizes=\"(max-width: 1024px) 100vw, 1024px\" \/><\/figure>\n","protected":false},"excerpt":{"rendered":"<p>CULIAC\u00c1N, a abril de 2023.-&nbsp;Estudiantes, docentes y padres de familia de la&nbsp;Preparatoria Mochis Extensi\u00f3n Macapule&nbsp;expresaron su agradecimiento a la&nbsp;Universidad Aut\u00f3noma de Sinaloa (UAS), encabezada por el&nbsp;Rector, doctor Jes\u00fas Madue\u00f1a Molina, porque ahora cuentan con m\u00e1s espacios que beneficiar\u00e1n el aprovechamiento escolar. \u201cMe siento muy contenta porque al principio cre\u00eda que la prepa era muy peque\u00f1a, [&hellip;]<\/p>\n","protected":false},"author":4,"featured_media":6195,"comment_status":"open","ping_status":"open","sticky":false,"template":"","format":"standard","meta":{"footnotes":""},"categories":[122,93],"tags":[1302,13],"class_list":["post-6194","post","type-post","status-publish","format-standard","has-post-thumbnail","hentry","category-educacion","category-principales","tag-jesus-maduena-molina","tag-uas"],"aioseo_notices":[],"_links":{"self":[{"href":"https:\/\/crucialnuevaepoca.com\/web\/wp-json\/wp\/v2\/posts\/6194","targetHints":{"allow":["GET"]}}],"collection":[{"href":"https:\/\/crucialnuevaepoca.com\/web\/wp-json\/wp\/v2\/posts"}],"about":[{"href":"https:\/\/crucialnuevaepoca.com\/web\/wp-json\/wp\/v2\/types\/post"}],"author":[{"embeddable":true,"href":"https:\/\/crucialnuevaepoca.com\/web\/wp-json\/wp\/v2\/users\/4"}],"replies":[{"embeddable":true,"href":"https:\/\/crucialnuevaepoca.com\/web\/wp-json\/wp\/v2\/comments?post=6194"}],"version-history":[{"count":1,"href":"https:\/\/crucialnuevaepoca.com\/web\/wp-json\/wp\/v2\/posts\/6194\/revisions"}],"predecessor-version":[{"id":6198,"href":"https:\/\/crucialnuevaepoca.com\/web\/wp-json\/wp\/v2\/posts\/6194\/revisions\/6198"}],"wp:featuredmedia":[{"embeddable":true,"href":"https:\/\/crucialnuevaepoca.com\/web\/wp-json\/wp\/v2\/media\/6195"}],"wp:attachment":[{"href":"https:\/\/crucialnuevaepoca.com\/web\/wp-json\/wp\/v2\/media?parent=6194"}],"wp:term":[{"taxonomy":"category","embeddable":true,"href":"https:\/\/crucialnuevaepoca.com\/web\/wp-json\/wp\/v2\/categories?post=6194"},{"taxonomy":"post_tag","embeddable":true,"href":"https:\/\/crucialnuevaepoca.com\/web\/wp-json\/wp\/v2\/tags?post=6194"}],"curies":[{"name":"wp","href":"https:\/\/api.w.org\/{rel}","templated":true}]}}