{"id":670,"date":"2021-12-22T08:57:40","date_gmt":"2021-12-22T15:57:40","guid":{"rendered":"http:\/\/crucialnuevaepoca.com\/web\/?p=670"},"modified":"2021-12-22T08:57:42","modified_gmt":"2021-12-22T15:57:42","slug":"crean-colectivo-para-evitar-division-de-tijuana-en-otro-municipio","status":"publish","type":"post","link":"https:\/\/crucialnuevaepoca.com\/web\/2021\/12\/22\/crean-colectivo-para-evitar-division-de-tijuana-en-otro-municipio\/","title":{"rendered":"CREAN COLECTIVO PARA EVITAR DIVISI\u00d3N DE TIJUANA EN OTRO MUNICIPIO"},"content":{"rendered":"\n<p>Abogados y activistas conformaron el Colectivo Pro Defensa de Tijuana para evitar que la ciudad se divida y se forme otro ayuntamiento como lo propuso ante el Congreso del estado de Baja California una diputada de Morena.<\/p>\n\n\n\n<p>\u201cLa fortaleza de nuestra ciudad es su poblaci\u00f3n y su territorio, perderla, me parece, que ser\u00eda muy deleznable\u201d, declar\u00f3 el abogado y ex candidato a gobernador Carlos Atilano Pena.<br>Carlos Atilano afirm\u00f3 que todo se reduce a un pleito pol\u00edtico de la gobernadora Marina del Pilar Avila con la presidenta municipal, Montserrat Caballero Ram\u00edrez, porque entre otras acciones, no aval\u00f3 la creaci\u00f3n de la Secretar\u00eda de Seguridad Ciudadana, propuesta por la mandataria.<\/p>\n\n\n\n<p>\u201cEs una ofensa para la gobernadora y en consecuencia \u00a1Te voy a quitar la mitad del territorio!. \u00bfY digo?, \u00bfLos ciudadanos ah\u00ed, qu\u00e9 tenemos que ver con esos pleitos que son transitorios?\u201d, cuestion\u00f3.<br>Tambi\u00e9n dijeron estar en contra de la propuesta anunciada por la mandataria y la diputada de una consulta al respecto, en donde s\u00f3lo opine la poblaci\u00f3n de la zona que se propone municipalizar.<\/p>\n\n\n\n<p>Pidieron sea a toda la poblaci\u00f3n y que \u201csi Morena quiere hacer una consulta con los servidores de la naci\u00f3n, con sus miembros, no lo vamos a permitir, nosotros vamos a exigir que lo organice el \u00f3rgano establecido por la ley\u201d, sentenci\u00f3.<\/p>\n\n\n\n<p>Para el abogado \u00d3scar Rubio Medarano, la iniciativa para dividir a Tijuana \u201ces una falacia jur\u00eddica, es un atropello, una aberraci\u00f3n\u201d.<\/p>\n\n\n\n<p>\u00abPrimero debe existir un documento o una viabilidad t\u00e9cnica, jur\u00eddica, socioecon\u00f3mica demogr\u00e1fica y geogr\u00e1fica para que esta iniciativa proceda, lo cual no ser\u00e1 posible\u00bb, asegur\u00f3.<\/p>\n","protected":false},"excerpt":{"rendered":"<p>Abogados y activistas conformaron el Colectivo Pro Defensa de Tijuana para evitar que la ciudad se divida y se forme otro ayuntamiento como lo propuso ante el Congreso del estado de Baja California una diputada de Morena. \u201cLa fortaleza de nuestra ciudad es su poblaci\u00f3n y su territorio, perderla, me parece, que ser\u00eda muy deleznable\u201d, [&hellip;]<\/p>\n","protected":false},"author":2,"featured_media":671,"comment_status":"open","ping_status":"open","sticky":false,"template":"","format":"standard","meta":{"footnotes":""},"categories":[28,93],"tags":[149,19],"class_list":["post-670","post","type-post","status-publish","format-standard","has-post-thumbnail","hentry","category-nacional","category-principales","tag-baja-california","tag-tijuana"],"aioseo_notices":[],"_links":{"self":[{"href":"https:\/\/crucialnuevaepoca.com\/web\/wp-json\/wp\/v2\/posts\/670","targetHints":{"allow":["GET"]}}],"collection":[{"href":"https:\/\/crucialnuevaepoca.com\/web\/wp-json\/wp\/v2\/posts"}],"about":[{"href":"https:\/\/crucialnuevaepoca.com\/web\/wp-json\/wp\/v2\/types\/post"}],"author":[{"embeddable":true,"href":"https:\/\/crucialnuevaepoca.com\/web\/wp-json\/wp\/v2\/users\/2"}],"replies":[{"embeddable":true,"href":"https:\/\/crucialnuevaepoca.com\/web\/wp-json\/wp\/v2\/comments?post=670"}],"version-history":[{"count":1,"href":"https:\/\/crucialnuevaepoca.com\/web\/wp-json\/wp\/v2\/posts\/670\/revisions"}],"predecessor-version":[{"id":674,"href":"https:\/\/crucialnuevaepoca.com\/web\/wp-json\/wp\/v2\/posts\/670\/revisions\/674"}],"wp:featuredmedia":[{"embeddable":true,"href":"https:\/\/crucialnuevaepoca.com\/web\/wp-json\/wp\/v2\/media\/671"}],"wp:attachment":[{"href":"https:\/\/crucialnuevaepoca.com\/web\/wp-json\/wp\/v2\/media?parent=670"}],"wp:term":[{"taxonomy":"category","embeddable":true,"href":"https:\/\/crucialnuevaepoca.com\/web\/wp-json\/wp\/v2\/categories?post=670"},{"taxonomy":"post_tag","embeddable":true,"href":"https:\/\/crucialnuevaepoca.com\/web\/wp-json\/wp\/v2\/tags?post=670"}],"curies":[{"name":"wp","href":"https:\/\/api.w.org\/{rel}","templated":true}]}}