{"id":677,"date":"2021-12-22T09:01:05","date_gmt":"2021-12-22T16:01:05","guid":{"rendered":"http:\/\/crucialnuevaepoca.com\/web\/?p=677"},"modified":"2021-12-22T09:01:06","modified_gmt":"2021-12-22T16:01:06","slug":"durante-la-pandemia-cerraron-1-6-millones-de-empresas","status":"publish","type":"post","link":"https:\/\/crucialnuevaepoca.com\/web\/2021\/12\/22\/durante-la-pandemia-cerraron-1-6-millones-de-empresas\/","title":{"rendered":"DURANTE LA PANDEMIA CERRARON 1.6 MILLONES DE EMPRESAS"},"content":{"rendered":"\n<p>En poco m\u00e1s de dos a\u00f1os, de mayo de 2019 a julio de 2021, un mill\u00f3n 584 mil establecimientos micro, peque\u00f1os y medianos cerraron definitivamente, seg\u00fan el Estudio sobre la Demograf\u00eda de los Negocios 2021, elaborado por el Instituto Nacional de Estad\u00edstica y Geograf\u00eda (Inegi).<\/p>\n\n\n\n<p>La emergencia sanitaria derivada de la pandemia por covid-19 llev\u00f3 a los negocios a pausar sus actividades o incluso a cerrar de manera definitiva\u201d, destac\u00f3 el Inegi.<\/p>\n\n\n\n<p>En el documento se estima que en ese periodo nacieron un mill\u00f3n 187 mil negocios, con lo cual la p\u00e9rdida neta de empresas fue de 396 mil 760 unidades.<\/p>\n\n\n\n<p>En los 27 meses que comprende el trabajo, la mayor proporci\u00f3n de muertes de negocios correspondi\u00f3 a los servicios privados no financieros, con 38.16%; seguido del comercio, con 29.88%, y manufacturas, con 25.69 por ciento. En establecimientos nacientes, el comercio mantuvo la mayor proporci\u00f3n, con 27.13 por ciento.<\/p>\n\n\n\n<p>Respecto a las muertes de establecimientos por entidad, Quintana Roo, de vocaci\u00f3n tur\u00edstica, tuvo la mayor proporci\u00f3n de cierres: 46.59%.<\/p>\n\n\n\n<p>La muerte de peque\u00f1os negocios afect\u00f3 a los empleos, incluso considerando los nuevos. A nivel nacional, por cada 100 personas que estaban ocupadas en 2019, 27 personas dejaron de trabajar en empresas que murieron.<\/p>\n\n\n\n<p>Adem\u00e1s, se revela que en promedio hab\u00eda 2.45 personas ocupadas por establecimiento que muri\u00f3, mientras que en los establecimientos que nacieron hab\u00eda 2.05 personas ocupadas.<\/p>\n","protected":false},"excerpt":{"rendered":"<p>En poco m\u00e1s de dos a\u00f1os, de mayo de 2019 a julio de 2021, un mill\u00f3n 584 mil establecimientos micro, peque\u00f1os y medianos cerraron definitivamente, seg\u00fan el Estudio sobre la Demograf\u00eda de los Negocios 2021, elaborado por el Instituto Nacional de Estad\u00edstica y Geograf\u00eda (Inegi). La emergencia sanitaria derivada de la pandemia por covid-19 llev\u00f3 [&hellip;]<\/p>\n","protected":false},"author":2,"featured_media":673,"comment_status":"open","ping_status":"open","sticky":false,"template":"","format":"standard","meta":{"footnotes":""},"categories":[28,93],"tags":[133,194],"class_list":["post-677","post","type-post","status-publish","format-standard","has-post-thumbnail","hentry","category-nacional","category-principales","tag-economia-2","tag-pandemia"],"aioseo_notices":[],"_links":{"self":[{"href":"https:\/\/crucialnuevaepoca.com\/web\/wp-json\/wp\/v2\/posts\/677","targetHints":{"allow":["GET"]}}],"collection":[{"href":"https:\/\/crucialnuevaepoca.com\/web\/wp-json\/wp\/v2\/posts"}],"about":[{"href":"https:\/\/crucialnuevaepoca.com\/web\/wp-json\/wp\/v2\/types\/post"}],"author":[{"embeddable":true,"href":"https:\/\/crucialnuevaepoca.com\/web\/wp-json\/wp\/v2\/users\/2"}],"replies":[{"embeddable":true,"href":"https:\/\/crucialnuevaepoca.com\/web\/wp-json\/wp\/v2\/comments?post=677"}],"version-history":[{"count":1,"href":"https:\/\/crucialnuevaepoca.com\/web\/wp-json\/wp\/v2\/posts\/677\/revisions"}],"predecessor-version":[{"id":678,"href":"https:\/\/crucialnuevaepoca.com\/web\/wp-json\/wp\/v2\/posts\/677\/revisions\/678"}],"wp:featuredmedia":[{"embeddable":true,"href":"https:\/\/crucialnuevaepoca.com\/web\/wp-json\/wp\/v2\/media\/673"}],"wp:attachment":[{"href":"https:\/\/crucialnuevaepoca.com\/web\/wp-json\/wp\/v2\/media?parent=677"}],"wp:term":[{"taxonomy":"category","embeddable":true,"href":"https:\/\/crucialnuevaepoca.com\/web\/wp-json\/wp\/v2\/categories?post=677"},{"taxonomy":"post_tag","embeddable":true,"href":"https:\/\/crucialnuevaepoca.com\/web\/wp-json\/wp\/v2\/tags?post=677"}],"curies":[{"name":"wp","href":"https:\/\/api.w.org\/{rel}","templated":true}]}}