{"id":6882,"date":"2023-06-12T10:53:33","date_gmt":"2023-06-12T17:53:33","guid":{"rendered":"http:\/\/crucialnuevaepoca.com\/web\/?p=6882"},"modified":"2023-06-12T10:53:33","modified_gmt":"2023-06-12T17:53:33","slug":"las-alianzas-electorales-en-mexico","status":"publish","type":"post","link":"https:\/\/crucialnuevaepoca.com\/web\/2023\/06\/12\/las-alianzas-electorales-en-mexico\/","title":{"rendered":"LAS ALIANZAS ELECTORALES EN M\u00c9XICO"},"content":{"rendered":"\n<p>Las alianzas electorales llegaron para quedarse. Son la realidad pol\u00edtica que sobrevino a la terminaci\u00f3n del \u201cr\u00e9gimen hegem\u00f3nico\u201d (Sartori dixit) pri\u00edsta, herido electoralmente en la controvertida elecci\u00f3n presidencial de 1988 y sancionado con la p\u00e9rdida de la mayor\u00eda parlamentaria en la C\u00e1mara de Diputados en 1997, que incluy\u00f3 su derrota en la primera elecci\u00f3n de jefe de gobierno de la Ciudad de M\u00e9xico en ese mismo a\u00f1o, donde result\u00f3 electo el ingeniero Cuauht\u00e9moc C\u00e1rdenas.<\/p>\n\n\n\n<p>En el panorama democr\u00e1tico actual, es dif\u00edcil imaginar el triunfo electoral de un partido que compita en solitario, aunque no es imposible. Hoy es natural observar que la competencia se presente ya no entre partidos sino entre coaliciones. En 2018 por ejemplo, compitieron por la presidencia tres coaliciones, cada una conformada por una triada de institutos pol\u00edticos (Morena-PT-PES, PAN-PRD-MC y PRI-Verde-Panal).<\/p>\n\n\n\n<p>Legalmente, las alianzas pol\u00edticas interpartidarias se materializan a trav\u00e9s de dos figuras muy tradicionales en la jerga electoral: la coalici\u00f3n y la candidatura com\u00fan. Esta \u00faltima derogada en la legislaci\u00f3n federal pero incorporando su principal caracter\u00edstica (la individualizaci\u00f3n de los logos) en la definici\u00f3n \u00fanica de coalici\u00f3n. Sin embargo, es importante comentar que a nivel local la figura de candidatura com\u00fan sobrevive todav\u00eda en muchas entidades federativas, incluido Sinaloa.<\/p>\n\n\n\n<p>Esta libertad configurativa est\u00e1 contemplada en la propia Ley General de Partidos Pol\u00edticos, en su art\u00edculo 85 referido a los frentes, coaliciones y fusiones:<\/p>\n\n\n\n<p>\u201cLos partidos poli\u0301ticos, para fines electorales, podra\u0301n formar coaliciones para postular los mismos candidatos en las elecciones federales, siempre que cumplan con los requisitos establecidos en esta Ley. . . Es facultad de las entidades federativas establecer en sus Constituciones otras formas de participacio\u0301n o asociacio\u0301n de los Partidos Poli\u0301ticos con el fin de postular candidaturas distintas a las sen\u0303aladas en esta Ley. Los emblemas de los Partidos Poli\u0301ticos aparecera\u0301n por separado en las boletas electorales de la eleccio\u0301n de que se trate.\u201d<\/p>\n\n\n\n<p>Esta \u00faltima expresi\u00f3n, referida a la separaci\u00f3n de los emblemas partidistas en las boletas electorales, ha privado desde el 2008 para conocer con certeza la aportaci\u00f3n que hace cada partido a una candidatura, pues antes de ese a\u00f1o se pod\u00eda convenir un \u201ctraslado de votos\u201d y administrativamente garantizarle un m\u00ednimo de votaci\u00f3n a los partidos involucrados. Lo cual para muchos traicionaba la voluntad de los electores y se prestaba a un mercadeo electoral ileg\u00edtimo.<\/p>\n\n\n\n<p>A mediados del 2008 la Suprema Corte tom\u00f3 cartas en este asunto e invalid\u00f3 (por unanimidad) del antiguo C\u00f3digo Federal de Instituciones y Procedimientos Electorales la llamada \u201ccl\u00e1usula de vida eterna\u201d, mediante la cual \u201cse permit\u00eda que un partido pol\u00edtico le regalara votos a uno o m\u00e1s de sus aliados de minor\u00eda para que sobrevivan y conserven su registro\u201d (El Universal, 03\/Jul\/2008).<\/p>\n\n\n\n<p>Hoy d\u00eda, como ocurre en Sinaloa, pueden coexistir a nivel local las figuras de coalici\u00f3n y candidatura com\u00fan, pero en los hechos son muy similares y ambas respetan el criterio de la Suprema Corte de 2008 referido a la separaci\u00f3n de los emblemas partidistas cuando postulan conjuntamente una candidatura.<\/p>\n\n\n\n<p>Existen casos excepcionales, como el reciente del Estado de M\u00e9xico, que en el caso de esa elecci\u00f3n solitaria a la gubernatura todav\u00eda permite un solo emblema para la alianza, verbi gratia la candidatura de la maestra Delfina G\u00f3mez, que para enredar a\u00fan m\u00e1s los conceptos, firmaron un \u201cconvenio de candidatura com\u00fan\u201d (Juntos hacemos historia en el Estado de M\u00e9xico) arropada bajo un solo emblema que inclu\u00eda a Morena, Verde y PT, acordando lo siguiente:<\/p>\n\n\n\n<p>\u201cDe los primeros nueve puntos porcentuales de la Votacio\u0301n Valida Emitida que obtenga la Candidatura Comu\u0301n los primeros tres puntos porcentuales sera\u0301n acreditados a MORENA, los siguientes tres puntos porcentuales sera\u0301n acreditados al Partido del Trabajo y los u\u0301ltimos tres puntos porcentuales sera\u0301n acreditados al Partido Verde Ecologista de Me\u0301xico, posteriormente por cada punto porcentual adicional que obtenga la Candidatura Comu\u0301n, le correspondera\u0301 el 73.5% a MORENA, EL 10.25% al Partido del Trabajo y el 16.25% al Partido Verde Ecologista de Me\u0301xico.\u201d<\/p>\n\n\n\n<p>\u00bfEste acuerdo viola el criterio de la Suprema Corte? De acuerdo a la autoridad electoral local, no; pues los porcentajes de votaci\u00f3n que resulten del convenio no tendr\u00e1n ning\u00fan efecto en el monto de las prerrogativas ni en la conservaci\u00f3n del registro legal y no est\u00e1 en juego representaci\u00f3n proporcional alguna, pues dichos conceptos se vinculan a la elecci\u00f3n de diputados locales, no celebrada en esta ocasi\u00f3n.<\/p>\n\n\n\n<p>En el caso del Partido Sinaloense (PAS) hemos competido tanto solos como coaligados. Son experiencias distintas y en ambas hemos sido competitivos. En 2013 yendo solos tuvimos la votaci\u00f3n m\u00e1s alta (14.03%) para un partido debutante en la historia de M\u00e9xico y en 2021 en candidatura com\u00fan con Morena contribuimos a generar la alternancia en la gubernatura del estado.<\/p>\n\n\n\n<p>Rumbo al 2024 nos estamos preparando con todo para competir con candidatos propios, pero sabedores de que la pol\u00edtica tambi\u00e9n es estrategia, estamos abiertos a explorar cualquier alianza. Hasta ahora partidistamente hemos tenido un aliado preferente y trabajaremos con todo para que nuestra carta, Ad\u00e1n Augusto L\u00f3pez, sea el relevo del presidente Andr\u00e9s Manuel L\u00f3pez Obrador.<\/p>\n\n\n\n<p>Tenemos muy claro que la democracia es un r\u00e9gimen con certidumbre en las reglas (electorales) pero incertidumbre en los resultados. Un formato pol\u00edtico donde no hay derrotas definitivas ni victorias para siempre. Donde los ganadores de hoy pueden ser los perdedores de ma\u00f1ana y viceversa.<\/p>\n\n\n\n<p>En M\u00e9xico desde que se naturaliz\u00f3 el cambio y la real competencia electoral (1997), hemos tenido alternancia en tres de las \u00faltimas cuatro elecciones presidenciales. Esta proclividad moderna de los mexicanos por la alternancia y menos por la reelecci\u00f3n tambi\u00e9n la estamos viendo en las gubernaturas. En este contexto de exigencia ciudadana, cualquier coalici\u00f3n si quiere ser exitosa requerir\u00e1 de aliados estrat\u00e9gicos que no s\u00f3lo sumen votos, sino tambi\u00e9n algo igual de importante: activismo, promoci\u00f3n, entusiasmo y buenos resultados. Y en el PAS, el trabajo lo hacemos antes. Como siempre, estamos preparados con la mejor estructura y trabajando de la mano con la gente los 365 d\u00edas del a\u00f1o.<\/p>\n\n\n\n<p>Excelente inicio de semana.<\/p>\n","protected":false},"excerpt":{"rendered":"<p>Las alianzas electorales llegaron para quedarse. Son la realidad pol\u00edtica que sobrevino a la terminaci\u00f3n del \u201cr\u00e9gimen hegem\u00f3nico\u201d (Sartori dixit) pri\u00edsta, herido electoralmente en la controvertida elecci\u00f3n presidencial de 1988 y sancionado con la p\u00e9rdida de la mayor\u00eda parlamentaria en la C\u00e1mara de Diputados en 1997, que incluy\u00f3 su derrota en la primera elecci\u00f3n de [&hellip;]<\/p>\n","protected":false},"author":2,"featured_media":1129,"comment_status":"open","ping_status":"open","sticky":false,"template":"","format":"standard","meta":{"footnotes":""},"categories":[97,223,93],"tags":[226,263,264],"class_list":["post-6882","post","type-post","status-publish","format-standard","has-post-thumbnail","hentry","category-columnas","category-melesio-cuen-ojeda","category-principales","tag-columna","tag-hector-melesio-cuen-ojeda","tag-microscopio-social"],"aioseo_notices":[],"_links":{"self":[{"href":"https:\/\/crucialnuevaepoca.com\/web\/wp-json\/wp\/v2\/posts\/6882","targetHints":{"allow":["GET"]}}],"collection":[{"href":"https:\/\/crucialnuevaepoca.com\/web\/wp-json\/wp\/v2\/posts"}],"about":[{"href":"https:\/\/crucialnuevaepoca.com\/web\/wp-json\/wp\/v2\/types\/post"}],"author":[{"embeddable":true,"href":"https:\/\/crucialnuevaepoca.com\/web\/wp-json\/wp\/v2\/users\/2"}],"replies":[{"embeddable":true,"href":"https:\/\/crucialnuevaepoca.com\/web\/wp-json\/wp\/v2\/comments?post=6882"}],"version-history":[{"count":1,"href":"https:\/\/crucialnuevaepoca.com\/web\/wp-json\/wp\/v2\/posts\/6882\/revisions"}],"predecessor-version":[{"id":6883,"href":"https:\/\/crucialnuevaepoca.com\/web\/wp-json\/wp\/v2\/posts\/6882\/revisions\/6883"}],"wp:featuredmedia":[{"embeddable":true,"href":"https:\/\/crucialnuevaepoca.com\/web\/wp-json\/wp\/v2\/media\/1129"}],"wp:attachment":[{"href":"https:\/\/crucialnuevaepoca.com\/web\/wp-json\/wp\/v2\/media?parent=6882"}],"wp:term":[{"taxonomy":"category","embeddable":true,"href":"https:\/\/crucialnuevaepoca.com\/web\/wp-json\/wp\/v2\/categories?post=6882"},{"taxonomy":"post_tag","embeddable":true,"href":"https:\/\/crucialnuevaepoca.com\/web\/wp-json\/wp\/v2\/tags?post=6882"}],"curies":[{"name":"wp","href":"https:\/\/api.w.org\/{rel}","templated":true}]}}