{"id":7211,"date":"2023-07-03T15:59:40","date_gmt":"2023-07-03T22:59:40","guid":{"rendered":"http:\/\/crucialnuevaepoca.com\/web\/?p=7211"},"modified":"2023-07-03T15:59:41","modified_gmt":"2023-07-03T22:59:41","slug":"anuncia-rector-estrategia-de-defensa-mas-intensa-ante-la-permanente-e-irracional-persecucion-politica-en-contra-de-la-uas-responsabiliza-al-gobernador","status":"publish","type":"post","link":"https:\/\/crucialnuevaepoca.com\/web\/2023\/07\/03\/anuncia-rector-estrategia-de-defensa-mas-intensa-ante-la-permanente-e-irracional-persecucion-politica-en-contra-de-la-uas-responsabiliza-al-gobernador\/","title":{"rendered":"ANUNCIA RECTOR ESTRATEGIA DE DEFENSA M\u00c1S INTENSA ANTE LA PERMANENTE E IRRACIONAL PERSECUCI\u00d3N POL\u00cdTICA EN CONTRA DE LA UAS; RESPONSABILIZA AL GOBERNADOR"},"content":{"rendered":"\n<p>La Universidad Aut\u00f3noma de Sinaloa (UAS) dise\u00f1ar\u00e1 una estrategia de defensa m\u00e1s agresiva ante la solicitud de la Fiscal\u00eda General del Estado al Poder Judicial de iniciar el proceso penal en contra de funcionarios y ex funcionarios de la instituci\u00f3n, as\u00ed lo anunci\u00f3 el Rector, doctor Jes\u00fas Madue\u00f1a Molina, al responsabilizar de todo esto al Gobernador del Estado.<\/p>\n\n\n\n<p>\u201cMuy al estilo de ellos, el d\u00eda de hoy filtran a los medios de comunicaci\u00f3n, sin que nosotros tengamos conocimiento de absolutamente nada, que ya judicializaron carpetas contra servidores universitarios como lo son los compa\u00f1eros que conforman el Comit\u00e9 de Adquisiciones y tambi\u00e9n su servidor y el ex Rector Juan Elogio Guerra Liera\u201d, expres\u00f3.<\/p>\n\n\n\n<p>Se\u00f1al\u00f3 que se enteraron por los medios de comunicaci\u00f3n ya que nuevamente se filtra con la intenci\u00f3n de generar dolo, de da\u00f1ar a la instituci\u00f3n m\u00e1s importante del noroeste del pa\u00eds, la cual en lugar de ser reconocida por el gran trabajo que realiza en sus funciones sustantivas de academia, investigaci\u00f3n, deporte, vinculaci\u00f3n y cultura es perseguida, afectada y \u201cenlodada\u201d por parte de gobierno del Estado.<\/p>\n\n\n\n<p>El Rector pidi\u00f3 la solidaridad de la comunidad universitaria y la llam\u00f3 a estar atentos y alertas porque se dise\u00f1ar\u00e1 una estrategia de defensa m\u00e1s agresiva.<\/p>\n\n\n\n<p>\u201cPorque creemos que nos asiste la raz\u00f3n, las cosas las estamos haciendo bien\u201d, enfatiz\u00f3 Madue\u00f1a Molina al asegurar que el motivo de esta persecuci\u00f3n pol\u00edtica es una venganza por parte del Gobernador porque los universitarios no reconocieron la Ley de Educaci\u00f3n Superior que aprob\u00f3 el Congreso del Estado y que promulg\u00f3 el Ejecutivo Estatal.<\/p>\n\n\n\n<p>\u201cSe nos est\u00e1n fabricando delitos en la Fiscal\u00eda, para que los jueces que son a modo, jueces que dependen del Secretario de Gobierno ellos f\u00e1cilmente son juez y parte y entonces lo que ellos digan, van a fabricar delitos para afectar la integridad de compa\u00f1eros universitarios que lo \u00fanico que hacen es trabajar para sacar adelante los compromisos universitarios\u201d, manifest\u00f3.<\/p>\n\n\n\n<p>\u201cHoy pedimos la solidaridad de toda la comunidad universitaria para defender la integridad de todos estos compa\u00f1eros, en los cuales yo tambi\u00e9n estoy se\u00f1alado, en donde nos ha enlodado y hoy quieren llevarnos a la c\u00e1rcel sin haber una justificaci\u00f3n alguna de que haya alg\u00fan delito de por medio (\u2026) ellos tienen las instituciones, tienen el Poder Judicial, la Fiscal\u00eda (\u2026) pero lo que no saben es la respuesta que van a tener por parte de la Universidad Aut\u00f3noma de Sinaloa\u201d, extern\u00f3.<\/p>\n\n\n\n<p>El dirigente universitario reiter\u00f3 el llamado a toda la comunidad rosalina, a estudiantes, maestros, trabajadores, padres de familia, empresarios y organismos de la sociedad civil \u201cque no permitan que se cometan este tipo de injusticias\u201d, y agreg\u00f3 que de todo esto se va a responsabilizar al Gobernador del Estado por ser el \u00fanico responsable culpable de la persecuci\u00f3n pol\u00edtica contra la UAS y sus funcionarios.<\/p>\n\n\n\n<p>\u201cVamos a dise\u00f1ar una estrategia para ir en defensa de los compa\u00f1eros, de cualquier universitario que quieran afectar penalmente, vamos a defenderlo con todo el peso de la Universidad Aut\u00f3noma de Sinaloa\u201d, puntualiz\u00f3.<\/p>\n","protected":false},"excerpt":{"rendered":"<p>La Universidad Aut\u00f3noma de Sinaloa (UAS) dise\u00f1ar\u00e1 una estrategia de defensa m\u00e1s agresiva ante la solicitud de la Fiscal\u00eda General del Estado al Poder Judicial de iniciar el proceso penal en contra de funcionarios y ex funcionarios de la instituci\u00f3n, as\u00ed lo anunci\u00f3 el Rector, doctor Jes\u00fas Madue\u00f1a Molina, al responsabilizar de todo esto al [&hellip;]<\/p>\n","protected":false},"author":2,"featured_media":7212,"comment_status":"open","ping_status":"open","sticky":false,"template":"","format":"standard","meta":{"footnotes":""},"categories":[122,93],"tags":[1808,124,38,13,546],"class_list":["post-7211","post","type-post","status-publish","format-standard","has-post-thumbnail","hentry","category-educacion","category-principales","tag-persecucion-politica","tag-rector-maduena","tag-rocha-moya","tag-uas","tag-universidad-autonoma-de-sinaloa"],"aioseo_notices":[],"_links":{"self":[{"href":"https:\/\/crucialnuevaepoca.com\/web\/wp-json\/wp\/v2\/posts\/7211","targetHints":{"allow":["GET"]}}],"collection":[{"href":"https:\/\/crucialnuevaepoca.com\/web\/wp-json\/wp\/v2\/posts"}],"about":[{"href":"https:\/\/crucialnuevaepoca.com\/web\/wp-json\/wp\/v2\/types\/post"}],"author":[{"embeddable":true,"href":"https:\/\/crucialnuevaepoca.com\/web\/wp-json\/wp\/v2\/users\/2"}],"replies":[{"embeddable":true,"href":"https:\/\/crucialnuevaepoca.com\/web\/wp-json\/wp\/v2\/comments?post=7211"}],"version-history":[{"count":1,"href":"https:\/\/crucialnuevaepoca.com\/web\/wp-json\/wp\/v2\/posts\/7211\/revisions"}],"predecessor-version":[{"id":7213,"href":"https:\/\/crucialnuevaepoca.com\/web\/wp-json\/wp\/v2\/posts\/7211\/revisions\/7213"}],"wp:featuredmedia":[{"embeddable":true,"href":"https:\/\/crucialnuevaepoca.com\/web\/wp-json\/wp\/v2\/media\/7212"}],"wp:attachment":[{"href":"https:\/\/crucialnuevaepoca.com\/web\/wp-json\/wp\/v2\/media?parent=7211"}],"wp:term":[{"taxonomy":"category","embeddable":true,"href":"https:\/\/crucialnuevaepoca.com\/web\/wp-json\/wp\/v2\/categories?post=7211"},{"taxonomy":"post_tag","embeddable":true,"href":"https:\/\/crucialnuevaepoca.com\/web\/wp-json\/wp\/v2\/tags?post=7211"}],"curies":[{"name":"wp","href":"https:\/\/api.w.org\/{rel}","templated":true}]}}