{"id":7218,"date":"2023-07-05T12:30:08","date_gmt":"2023-07-05T19:30:08","guid":{"rendered":"http:\/\/crucialnuevaepoca.com\/web\/?p=7218"},"modified":"2023-07-05T12:30:09","modified_gmt":"2023-07-05T19:30:09","slug":"listo-el-protocolo-de-seguridad-para-resguardar-las-instalaciones-de-la-uas-durante-el-periodo-vacacional","status":"publish","type":"post","link":"https:\/\/crucialnuevaepoca.com\/web\/2023\/07\/05\/listo-el-protocolo-de-seguridad-para-resguardar-las-instalaciones-de-la-uas-durante-el-periodo-vacacional\/","title":{"rendered":"LISTO EL PROTOCOLO DE SEGURIDAD PARA RESGUARDAR LAS INSTALACIONES DE LA UAS DURANTE EL PERIODO VACACIONAL"},"content":{"rendered":"\n<p>El protocolo de seguridad que implementa a\u00f1o con a\u00f1o la Universidad Aut\u00f3noma de Sinaloa (UAS) para el resguardo de las instalaciones, que corre a cargo de la Direcci\u00f3n de Personal que dirige Fernando Medina Le\u00f3n, se declar\u00f3 listo junto a su personal para proteger durante el periodo vacacional cada una de las Unidades Acad\u00e9micas y oficinas que integran la casa de estudios.<\/p>\n\n\n\n<p>El director de Personal, mencion\u00f3 que la log\u00edstica en relaci\u00f3n al protocolo del resguardo de todos los edificios, dar\u00e1 inicio el pr\u00f3ximo 15 de Julio, d\u00eda en que arranca el periodo vacacional para los trabajadores, por lo que est\u00e1n listos tal como lo pidi\u00f3 el Rector, doctor Jes\u00fas Madue\u00f1a Molina.<\/p>\n\n\n\n<p>\u201cYa estamos en coordinaci\u00f3n con la Polic\u00eda Municipal para que est\u00e9 echando rondines, esas son las instrucciones que nos dio el rector Jes\u00fas Madue\u00f1a Molina. Incluso no vamos a tener vacaciones, vamos a estar resguardando la Universidad por todo lo que se ha venido suscitando con Gobierno\u201d, detall\u00f3.<\/p>\n\n\n\n<p>De la capacitaci\u00f3n del personal, a\u00f1adi\u00f3 que gracias al adiestramiento y a la experiencia de cada uno de ellos es que en a\u00f1os anteriores se ha tenido saldo blanco, por lo que, bajo ese mismo desempe\u00f1o, esperan tener un resultado positivo en este verano.<\/p>\n\n\n\n<p>De la buena relaci\u00f3n y vinculaci\u00f3n que a lo largo de los a\u00f1os se ha cosechado con las autoridades municipales, quienes los han apoyado desde sus trincheras no solo en rondines, sino en capacitaci\u00f3n del personal universitario, les agradeci\u00f3 la colaboraci\u00f3n y apoyo, no sin antes hacerlo extensivo a todo el personal universitario que trabaja en este protocolo.<\/p>\n","protected":false},"excerpt":{"rendered":"<p>El protocolo de seguridad que implementa a\u00f1o con a\u00f1o la Universidad Aut\u00f3noma de Sinaloa (UAS) para el resguardo de las instalaciones, que corre a cargo de la Direcci\u00f3n de Personal que dirige Fernando Medina Le\u00f3n, se declar\u00f3 listo junto a su personal para proteger durante el periodo vacacional cada una de las Unidades Acad\u00e9micas y [&hellip;]<\/p>\n","protected":false},"author":2,"featured_media":7219,"comment_status":"open","ping_status":"open","sticky":false,"template":"","format":"standard","meta":{"footnotes":""},"categories":[122,93],"tags":[1586,2033,13,546],"class_list":["post-7218","post","type-post","status-publish","format-standard","has-post-thumbnail","hentry","category-educacion","category-principales","tag-periodo-vacacional","tag-protocolo-de-seguridad","tag-uas","tag-universidad-autonoma-de-sinaloa"],"aioseo_notices":[],"_links":{"self":[{"href":"https:\/\/crucialnuevaepoca.com\/web\/wp-json\/wp\/v2\/posts\/7218","targetHints":{"allow":["GET"]}}],"collection":[{"href":"https:\/\/crucialnuevaepoca.com\/web\/wp-json\/wp\/v2\/posts"}],"about":[{"href":"https:\/\/crucialnuevaepoca.com\/web\/wp-json\/wp\/v2\/types\/post"}],"author":[{"embeddable":true,"href":"https:\/\/crucialnuevaepoca.com\/web\/wp-json\/wp\/v2\/users\/2"}],"replies":[{"embeddable":true,"href":"https:\/\/crucialnuevaepoca.com\/web\/wp-json\/wp\/v2\/comments?post=7218"}],"version-history":[{"count":1,"href":"https:\/\/crucialnuevaepoca.com\/web\/wp-json\/wp\/v2\/posts\/7218\/revisions"}],"predecessor-version":[{"id":7220,"href":"https:\/\/crucialnuevaepoca.com\/web\/wp-json\/wp\/v2\/posts\/7218\/revisions\/7220"}],"wp:featuredmedia":[{"embeddable":true,"href":"https:\/\/crucialnuevaepoca.com\/web\/wp-json\/wp\/v2\/media\/7219"}],"wp:attachment":[{"href":"https:\/\/crucialnuevaepoca.com\/web\/wp-json\/wp\/v2\/media?parent=7218"}],"wp:term":[{"taxonomy":"category","embeddable":true,"href":"https:\/\/crucialnuevaepoca.com\/web\/wp-json\/wp\/v2\/categories?post=7218"},{"taxonomy":"post_tag","embeddable":true,"href":"https:\/\/crucialnuevaepoca.com\/web\/wp-json\/wp\/v2\/tags?post=7218"}],"curies":[{"name":"wp","href":"https:\/\/api.w.org\/{rel}","templated":true}]}}