{"id":7224,"date":"2023-07-05T13:06:40","date_gmt":"2023-07-05T20:06:40","guid":{"rendered":"http:\/\/crucialnuevaepoca.com\/web\/?p=7224"},"modified":"2023-07-05T13:06:41","modified_gmt":"2023-07-05T20:06:41","slug":"regresan-los-curso-de-verano-del-isde","status":"publish","type":"post","link":"https:\/\/crucialnuevaepoca.com\/web\/2023\/07\/05\/regresan-los-curso-de-verano-del-isde\/","title":{"rendered":"REGRESAN LOS CURSO DE VERANO DEL ISDE"},"content":{"rendered":"\n<p><\/p>\n\n\n\n<p><strong>Culiac\u00e1n, Sinaloa, a mi\u00e9rcoles 5 de junio de 2023.<\/strong>&#8211; Con gran energ\u00eda y mucho \u00edmpetu anuncian el regreso de los Cursos de Verano del <strong>Instituto Sinaloense de Cultura F\u00edsica y el Deporte (ISDE).<\/strong><\/p>\n\n\n\n<p>El <strong>director general ISDE Julio C\u00e9sar Cascajares Ram\u00edrez<\/strong> anunci\u00f3 el regreso de dichas actividades, mismas que se llevar\u00e1n a cabo del <strong>10 al 21 de julio en las instalaciones del Centro de Alto Rendimiento de 8 de la ma\u00f1ana a 13 horas.<\/strong><\/p>\n\n\n\n<p>Cascajares Ram\u00edrez explic\u00f3 que todo esto se hace con la finalidad de generar el desarrollo del deporte en los ni\u00f1os de los videojuegos y las redes sociales como el tik tok que no siempre llevan a cosas buenas.<\/p>\n\n\n\n<p>Se espera captar un n\u00famero aproximado de 300 ni\u00f1os teniendo una cuota de recuperaci\u00f3n de 450 pesos con derecho a tener su playera alusiva as\u00ed como su gafete e hidrataci\u00f3n y lo m\u00e1s importante de contar con servicios m\u00e9dicos.<\/p>\n\n\n\n<p><\/p>\n\n\n\n<p>En tanto, el directivo de dicha instituci\u00f3n asent\u00f3 que la idea tambi\u00e9n es de que las y los ni\u00f1os asistentes les entre la inquietud por desarrollar algunas de las actividades que se llevar\u00e1n a cabo como son el judo, karate, b\u00e1squetbol, gimnasia, atletismo, luchas y boxeo con ni\u00f1os y ni\u00f1as de 6 y hasta los 16 a\u00f1os de edad.<\/p>\n\n\n\n<p>Para mayores informes te pueden comunicar al n\u00famero 66 77 15 29 89 y 6671 74 68 66. As\u00ed como en las redes oficiales del ISDE. <strong>(Redacci\u00f3n)<\/strong>.<\/p>\n","protected":false},"excerpt":{"rendered":"<p>Culiac\u00e1n, Sinaloa, a mi\u00e9rcoles 5 de junio de 2023.&#8211; Con gran energ\u00eda y mucho \u00edmpetu anuncian el regreso de los Cursos de Verano del Instituto Sinaloense de Cultura F\u00edsica y el Deporte (ISDE). El director general ISDE Julio C\u00e9sar Cascajares Ram\u00edrez anunci\u00f3 el regreso de dichas actividades, mismas que se llevar\u00e1n a cabo del 10 [&hellip;]<\/p>\n","protected":false},"author":4,"featured_media":7225,"comment_status":"open","ping_status":"open","sticky":false,"template":"","format":"standard","meta":{"footnotes":""},"categories":[93,31],"tags":[1333,1197],"class_list":["post-7224","post","type-post","status-publish","format-standard","has-post-thumbnail","hentry","category-principales","category-deportes","tag-instituto-sinaloense-de-cultura-fisica-y-el-deporte","tag-isde"],"aioseo_notices":[],"_links":{"self":[{"href":"https:\/\/crucialnuevaepoca.com\/web\/wp-json\/wp\/v2\/posts\/7224","targetHints":{"allow":["GET"]}}],"collection":[{"href":"https:\/\/crucialnuevaepoca.com\/web\/wp-json\/wp\/v2\/posts"}],"about":[{"href":"https:\/\/crucialnuevaepoca.com\/web\/wp-json\/wp\/v2\/types\/post"}],"author":[{"embeddable":true,"href":"https:\/\/crucialnuevaepoca.com\/web\/wp-json\/wp\/v2\/users\/4"}],"replies":[{"embeddable":true,"href":"https:\/\/crucialnuevaepoca.com\/web\/wp-json\/wp\/v2\/comments?post=7224"}],"version-history":[{"count":1,"href":"https:\/\/crucialnuevaepoca.com\/web\/wp-json\/wp\/v2\/posts\/7224\/revisions"}],"predecessor-version":[{"id":7226,"href":"https:\/\/crucialnuevaepoca.com\/web\/wp-json\/wp\/v2\/posts\/7224\/revisions\/7226"}],"wp:featuredmedia":[{"embeddable":true,"href":"https:\/\/crucialnuevaepoca.com\/web\/wp-json\/wp\/v2\/media\/7225"}],"wp:attachment":[{"href":"https:\/\/crucialnuevaepoca.com\/web\/wp-json\/wp\/v2\/media?parent=7224"}],"wp:term":[{"taxonomy":"category","embeddable":true,"href":"https:\/\/crucialnuevaepoca.com\/web\/wp-json\/wp\/v2\/categories?post=7224"},{"taxonomy":"post_tag","embeddable":true,"href":"https:\/\/crucialnuevaepoca.com\/web\/wp-json\/wp\/v2\/tags?post=7224"}],"curies":[{"name":"wp","href":"https:\/\/api.w.org\/{rel}","templated":true}]}}