{"id":7227,"date":"2023-07-06T13:53:01","date_gmt":"2023-07-06T20:53:01","guid":{"rendered":"http:\/\/crucialnuevaepoca.com\/web\/?p=7227"},"modified":"2023-07-06T13:53:02","modified_gmt":"2023-07-06T20:53:02","slug":"culiacan-genero-7512-empleos-formales-al-mes-de-junio-de-2023","status":"publish","type":"post","link":"https:\/\/crucialnuevaepoca.com\/web\/2023\/07\/06\/culiacan-genero-7512-empleos-formales-al-mes-de-junio-de-2023\/","title":{"rendered":"CULIAC\u00c1N GENER\u00d3 7,512 EMPLEOS FORMALES AL MES DE JUNIO DE 2023"},"content":{"rendered":"\n<p>En comparaci\u00f3n con el mismo mes del pasado 2022, Culiac\u00e1n gener\u00f3 7 mil 512 empleos formales en junio de 2023, obteniendo con ello un crecimiento del 3 por ciento y un total de 260,168 empleos formales registrados ante el IMSS.<\/p>\n\n\n\n<p>En este sentido, la secretaria de Desarrollo Econ\u00f3mico, Janet Faviola Tostado Noriega, detall\u00f3 que el 90.2 por ciento de estos empleos fueron permanentes y el 9.8 por ciento eventuales.<\/p>\n\n\n\n<p>Asimismo, especific\u00f3 que el 71.7 por ciento correspondi\u00f3 al sector terciario, es decir, comercio y servicios; el 21.3 por ciento al sector industrial; y el 7% al sector primario, representando el 45% de los empleos registrados en el estado.<\/p>\n\n\n\n<p>Aunado a lo anterior, la funcionaria destac\u00f3 que la reactivaci\u00f3n de los CEPROFIES y el dinamismo econ\u00f3mico generado tras la pandemia han impactado positivamente en dicho crecimiento, lo cual se refleja en la Encuesta Nacional de Ocupaci\u00f3n y Empleo, misma que al primer trimestre de 2023 registr\u00f3 una tasa de ocupaci\u00f3n del 97.6 por ciento para Culiac\u00e1n, por encima del promedio nacional del 96.8 por ciento, y un salario promedio de $435.42 diarios.<\/p>\n","protected":false},"excerpt":{"rendered":"<p>En comparaci\u00f3n con el mismo mes del pasado 2022, Culiac\u00e1n gener\u00f3 7 mil 512 empleos formales en junio de 2023, obteniendo con ello un crecimiento del 3 por ciento y un total de 260,168 empleos formales registrados ante el IMSS. En este sentido, la secretaria de Desarrollo Econ\u00f3mico, Janet Faviola Tostado Noriega, detall\u00f3 que el [&hellip;]<\/p>\n","protected":false},"author":2,"featured_media":7229,"comment_status":"open","ping_status":"open","sticky":false,"template":"","format":"standard","meta":{"footnotes":""},"categories":[27,93],"tags":[115,2036,2035,1583],"class_list":["post-7227","post","type-post","status-publish","format-standard","has-post-thumbnail","hentry","category-local","category-principales","tag-culiacan-2","tag-empleos-formales","tag-generacion-de-empleo","tag-sedeco-culiacan"],"aioseo_notices":[],"_links":{"self":[{"href":"https:\/\/crucialnuevaepoca.com\/web\/wp-json\/wp\/v2\/posts\/7227","targetHints":{"allow":["GET"]}}],"collection":[{"href":"https:\/\/crucialnuevaepoca.com\/web\/wp-json\/wp\/v2\/posts"}],"about":[{"href":"https:\/\/crucialnuevaepoca.com\/web\/wp-json\/wp\/v2\/types\/post"}],"author":[{"embeddable":true,"href":"https:\/\/crucialnuevaepoca.com\/web\/wp-json\/wp\/v2\/users\/2"}],"replies":[{"embeddable":true,"href":"https:\/\/crucialnuevaepoca.com\/web\/wp-json\/wp\/v2\/comments?post=7227"}],"version-history":[{"count":1,"href":"https:\/\/crucialnuevaepoca.com\/web\/wp-json\/wp\/v2\/posts\/7227\/revisions"}],"predecessor-version":[{"id":7230,"href":"https:\/\/crucialnuevaepoca.com\/web\/wp-json\/wp\/v2\/posts\/7227\/revisions\/7230"}],"wp:featuredmedia":[{"embeddable":true,"href":"https:\/\/crucialnuevaepoca.com\/web\/wp-json\/wp\/v2\/media\/7229"}],"wp:attachment":[{"href":"https:\/\/crucialnuevaepoca.com\/web\/wp-json\/wp\/v2\/media?parent=7227"}],"wp:term":[{"taxonomy":"category","embeddable":true,"href":"https:\/\/crucialnuevaepoca.com\/web\/wp-json\/wp\/v2\/categories?post=7227"},{"taxonomy":"post_tag","embeddable":true,"href":"https:\/\/crucialnuevaepoca.com\/web\/wp-json\/wp\/v2\/tags?post=7227"}],"curies":[{"name":"wp","href":"https:\/\/api.w.org\/{rel}","templated":true}]}}