{"id":7233,"date":"2023-07-06T16:42:13","date_gmt":"2023-07-06T23:42:13","guid":{"rendered":"http:\/\/crucialnuevaepoca.com\/web\/?p=7233"},"modified":"2023-07-06T16:42:13","modified_gmt":"2023-07-06T23:42:13","slug":"economia-e-icatsin-firman-convenio-para-capacitar-y-profesionalizar-a-personas-que-buscan-emppleo-microempresarios-y-personal-de-la-secretaria","status":"publish","type":"post","link":"https:\/\/crucialnuevaepoca.com\/web\/2023\/07\/06\/economia-e-icatsin-firman-convenio-para-capacitar-y-profesionalizar-a-personas-que-buscan-emppleo-microempresarios-y-personal-de-la-secretaria\/","title":{"rendered":"ECONOM\u00cdA E ICATSIN FIRMAN CONVENIO PARA CAPACITAR Y PROFESIONALIZAR A PERSONAS QUE BUSCAN EMPPLEO, MICROEMPRESARIOS Y PERSONAL DE LA SECRETAR\u00cdA"},"content":{"rendered":"\n<p>Con la finalidad de profesionalizar y certificar a las personas que buscan empleo, impulsar el desarrollo empresarial de los beneficiarios del programa Equipa y mejorar la atenci\u00f3n ciudadana que se ofrece en la Secretar\u00eda de Econom\u00eda, esta dependencia y el Instituto de Capacitaci\u00f3n para el Trabajo del Estado de Sinaloa (ICATSIN) firmaron un convenio de capacitaci\u00f3n.<\/p>\n\n\n\n<p>\u201cEste gobierno de Rub\u00e9n Rocha Moya est\u00e1 enfocado en ayudar a los que m\u00e1s lo necesitan, este convenio que se firma hoy con Icatsin es muestra de ese trabajo que hacemos en equipo. El convenio es una estrategia para apoyar e impulsar a trav\u00e9s de la capacitaci\u00f3n y la profesionalizaci\u00f3n de las personas\u201d, destac\u00f3 el secretario de Econom\u00eda, Javier Gaxiola Coppel.<\/p>\n\n\n\n<p>Acompa\u00f1ado del director General de Icatsin, Eligio L\u00f3pez Portillo, el secretario de Econom\u00eda coment\u00f3 que en las visitas por los municipios se pudo constatar que adem\u00e1s de los apoyos en equipamiento y financiamiento, los microempresarios necesitan capacitaci\u00f3n para potenciar sus negocios.<\/p>\n\n\n\n<p>Explic\u00f3 que este acuerdo adem\u00e1s de profesionalizar a las personas que buscan empleo, tambi\u00e9n contempla otorgarles su certificaci\u00f3n, pues comparti\u00f3 que, a trav\u00e9s del Servicio Estatal del Empleo, se han ofertado vacantes laborales de hasta $50,000 pesos en el extranjero y no han podido cubrirse porque los aspirantes no cuentan con dicho documento.<\/p>\n\n\n\n<p>Con este convenio, la Secretar\u00eda de Econom\u00eda predica con el ejemplo al capacitar a sus trabajadores del Servicio Estatal del Empleo para que cuenten con las habilidades necesarias para asesorar y apoyar de manera efectiva a los buscadores de empleo en su proceso de inserci\u00f3n laboral.<\/p>\n\n\n\n<p>Adem\u00e1s, tambi\u00e9n capacitar\u00e1 a su personal que brinda atenci\u00f3n ciudadana para que el servicio sea eficiente y de calidad.<\/p>\n\n\n\n<p>En su mensaje, Eligio L\u00f3pez Portillo, director General de Icatsin puntualiz\u00f3 la importancia de este tipo de convenios de colaboraci\u00f3n en el tema de capacitaci\u00f3n.<\/p>\n\n\n\n<p>\u201cHay que capacitar a las personas en alg\u00fan oficio, pero tambi\u00e9n certificarlos, en Estados Unidos se requiere de una certificaci\u00f3n y requisitos para avalar el oficio y el trabajo que hacen las personas\u201d, expres\u00f3.<\/p>\n\n\n\n<p>Dijo que Icatsin capacita y certifica a las personas trabajadoras, \u201cla finalidad del Gobernador Rub\u00e9n Rocha y del Presidente Andr\u00e9s Manuel L\u00f3pez Obrador es que las personas m\u00e1s vulnerables se empleen y as\u00ed ayudar a la econom\u00eda del estado y del pa\u00eds\u201d, mencion\u00f3.<\/p>\n\n\n\n<p>Las capacitaciones empiezan el pr\u00f3ximo lunes y en esta primera etapa se iniciar\u00e1 con los microempresarios del programa \u201cEquipa\u201d de Culiac\u00e1n, Salvador Alvarado, Ahome y Guasave, quienes tomar\u00e1n el curso \u201cCreando tu modelo de negocio\u201d con una duraci\u00f3n de 20 horas.<\/p>\n\n\n\n<p>Con esta firma de convenio entre la Secretar\u00eda de Econom\u00eda e Icatsin se generar\u00e1 un ahorro de m\u00e1s de $1,000,000 de pesos en las personas que tomen la capacitaci\u00f3n.<\/p>\n","protected":false},"excerpt":{"rendered":"<p>Con la finalidad de profesionalizar y certificar a las personas que buscan empleo, impulsar el desarrollo empresarial de los beneficiarios del programa Equipa y mejorar la atenci\u00f3n ciudadana que se ofrece en la Secretar\u00eda de Econom\u00eda, esta dependencia y el Instituto de Capacitaci\u00f3n para el Trabajo del Estado de Sinaloa (ICATSIN) firmaron un convenio de [&hellip;]<\/p>\n","protected":false},"author":2,"featured_media":7234,"comment_status":"open","ping_status":"open","sticky":false,"template":"","format":"standard","meta":{"footnotes":""},"categories":[93,30],"tags":[598,133,850,2040,419,2041],"class_list":["post-7233","post","type-post","status-publish","format-standard","has-post-thumbnail","hentry","category-principales","category-sinaloa","tag-capacitacion","tag-economia-2","tag-firma-de-convenio","tag-icatsin","tag-javier-gaxiola-coppel","tag-profesionalizadion"],"aioseo_notices":[],"_links":{"self":[{"href":"https:\/\/crucialnuevaepoca.com\/web\/wp-json\/wp\/v2\/posts\/7233","targetHints":{"allow":["GET"]}}],"collection":[{"href":"https:\/\/crucialnuevaepoca.com\/web\/wp-json\/wp\/v2\/posts"}],"about":[{"href":"https:\/\/crucialnuevaepoca.com\/web\/wp-json\/wp\/v2\/types\/post"}],"author":[{"embeddable":true,"href":"https:\/\/crucialnuevaepoca.com\/web\/wp-json\/wp\/v2\/users\/2"}],"replies":[{"embeddable":true,"href":"https:\/\/crucialnuevaepoca.com\/web\/wp-json\/wp\/v2\/comments?post=7233"}],"version-history":[{"count":1,"href":"https:\/\/crucialnuevaepoca.com\/web\/wp-json\/wp\/v2\/posts\/7233\/revisions"}],"predecessor-version":[{"id":7236,"href":"https:\/\/crucialnuevaepoca.com\/web\/wp-json\/wp\/v2\/posts\/7233\/revisions\/7236"}],"wp:featuredmedia":[{"embeddable":true,"href":"https:\/\/crucialnuevaepoca.com\/web\/wp-json\/wp\/v2\/media\/7234"}],"wp:attachment":[{"href":"https:\/\/crucialnuevaepoca.com\/web\/wp-json\/wp\/v2\/media?parent=7233"}],"wp:term":[{"taxonomy":"category","embeddable":true,"href":"https:\/\/crucialnuevaepoca.com\/web\/wp-json\/wp\/v2\/categories?post=7233"},{"taxonomy":"post_tag","embeddable":true,"href":"https:\/\/crucialnuevaepoca.com\/web\/wp-json\/wp\/v2\/tags?post=7233"}],"curies":[{"name":"wp","href":"https:\/\/api.w.org\/{rel}","templated":true}]}}