{"id":7253,"date":"2023-07-08T09:48:13","date_gmt":"2023-07-08T16:48:13","guid":{"rendered":"http:\/\/crucialnuevaepoca.com\/web\/?p=7253"},"modified":"2023-07-08T09:48:13","modified_gmt":"2023-07-08T16:48:13","slug":"inicia-la-uas-intensa-jornada-informativa-pro-defensa-de-la-autonomia-en-mas-de-100-cruceros-del-estado","status":"publish","type":"post","link":"https:\/\/crucialnuevaepoca.com\/web\/2023\/07\/08\/inicia-la-uas-intensa-jornada-informativa-pro-defensa-de-la-autonomia-en-mas-de-100-cruceros-del-estado\/","title":{"rendered":"INICIA LA UAS INTENSA JORNADA INFORMATIVA PRO DEFENSA DE LA AUTONOM\u00cdA EN M\u00c1S DE 100 CRUCEROS DEL ESTADO"},"content":{"rendered":"\n<p>Con una gran movilizaci\u00f3n en sus cuatro unidades regionales repartidas por todo el estado, la Universidad Aut\u00f3noma de Sinaloa (UAS), encabezada por el Rector, doctor Jes\u00fas Madue\u00f1a Molina, inici\u00f3 este s\u00e1bado una intensa Jornada Informativa en m\u00e1s de 100 distintos cruceros y puntos de mayor afluencia de la entidad, donde a trav\u00e9s del volanteo se hace del conocimiento p\u00fablico la persecuci\u00f3n pol\u00edtica de la que es objeto la m\u00e1xima casa de estudios sinaloense por parte del Gobierno del Estado.<\/p>\n\n\n\n<p>De manera simb\u00f3lica, el banderazo de dicha actividad se dio en Culiac\u00e1n, en el crucero peatonal ubicado por la avenida \u00c1lvaro Obreg\u00f3n frente a la plazuela del mismo nombre, a un costado de Catedral, donde el Rector, acompa\u00f1ado de funcionarios de la Administraci\u00f3n Central y de universitarios, comenz\u00f3 el reparto de volantes a los automovilistas que circulaban por el Centro de la capital sinaloense, compartiendo la postura institucional de la Casa Rosalina ante la embestida de las autoridades estatales.<\/p>\n\n\n\n<p>El Rector Jes\u00fas Madue\u00f1a Molina inform\u00f3 que, como parte del Plan de Acci\u00f3n que elabor\u00f3 la Comisi\u00f3n Especial para dar seguimiento al plan de acci\u00f3n para la defensa de la Autonom\u00eda Universitaria, se da esta primera jornada de socializaci\u00f3n para informar al pueblo de Sinaloa, para que sepa que la UAS est\u00e1 siendo perseguida pol\u00edticamente y atacada por los poderes del Estado.<\/p>\n\n\n\n<p>Asimismo, se solicita a la misma ciudadan\u00eda, con ese volanteo, mantengan la solidaridad con la Universidad, siendo \u00e9sta la primera movilizaci\u00f3n p\u00fablica. Sin embargo, aclar\u00f3 que vendr\u00e1n otras actividades, puesto que el Plan continuar\u00e1 hasta donde lo lleve el autoritarismo que existe en Sinaloa.<\/p>\n\n\n\n<p>Simult\u00e1neamente, en todo el estado las brigadas comenzaron a realizar dicha labor con gran entusiasmo y el compromiso del momento que vive la Universidad, siempre con respeto a la ciudadan\u00eda, entregando material informativo a los automovilistas, as\u00ed como pega de calcas en defensa de la autonom\u00eda universitaria.<\/p>\n","protected":false},"excerpt":{"rendered":"<p>Con una gran movilizaci\u00f3n en sus cuatro unidades regionales repartidas por todo el estado, la Universidad Aut\u00f3noma de Sinaloa (UAS), encabezada por el Rector, doctor Jes\u00fas Madue\u00f1a Molina, inici\u00f3 este s\u00e1bado una intensa Jornada Informativa en m\u00e1s de 100 distintos cruceros y puntos de mayor afluencia de la entidad, donde a trav\u00e9s del volanteo se [&hellip;]<\/p>\n","protected":false},"author":2,"featured_media":7254,"comment_status":"open","ping_status":"open","sticky":false,"template":"","format":"standard","meta":{"footnotes":""},"categories":[122,93],"tags":[115,2037,124,40,13,546],"class_list":["post-7253","post","type-post","status-publish","format-standard","has-post-thumbnail","hentry","category-educacion","category-principales","tag-culiacan-2","tag-defensa-de-la-autonomia-universitaria","tag-rector-maduena","tag-sinaloa","tag-uas","tag-universidad-autonoma-de-sinaloa"],"aioseo_notices":[],"_links":{"self":[{"href":"https:\/\/crucialnuevaepoca.com\/web\/wp-json\/wp\/v2\/posts\/7253","targetHints":{"allow":["GET"]}}],"collection":[{"href":"https:\/\/crucialnuevaepoca.com\/web\/wp-json\/wp\/v2\/posts"}],"about":[{"href":"https:\/\/crucialnuevaepoca.com\/web\/wp-json\/wp\/v2\/types\/post"}],"author":[{"embeddable":true,"href":"https:\/\/crucialnuevaepoca.com\/web\/wp-json\/wp\/v2\/users\/2"}],"replies":[{"embeddable":true,"href":"https:\/\/crucialnuevaepoca.com\/web\/wp-json\/wp\/v2\/comments?post=7253"}],"version-history":[{"count":1,"href":"https:\/\/crucialnuevaepoca.com\/web\/wp-json\/wp\/v2\/posts\/7253\/revisions"}],"predecessor-version":[{"id":7255,"href":"https:\/\/crucialnuevaepoca.com\/web\/wp-json\/wp\/v2\/posts\/7253\/revisions\/7255"}],"wp:featuredmedia":[{"embeddable":true,"href":"https:\/\/crucialnuevaepoca.com\/web\/wp-json\/wp\/v2\/media\/7254"}],"wp:attachment":[{"href":"https:\/\/crucialnuevaepoca.com\/web\/wp-json\/wp\/v2\/media?parent=7253"}],"wp:term":[{"taxonomy":"category","embeddable":true,"href":"https:\/\/crucialnuevaepoca.com\/web\/wp-json\/wp\/v2\/categories?post=7253"},{"taxonomy":"post_tag","embeddable":true,"href":"https:\/\/crucialnuevaepoca.com\/web\/wp-json\/wp\/v2\/tags?post=7253"}],"curies":[{"name":"wp","href":"https:\/\/api.w.org\/{rel}","templated":true}]}}