{"id":7265,"date":"2023-07-10T13:42:44","date_gmt":"2023-07-10T20:42:44","guid":{"rendered":"http:\/\/crucialnuevaepoca.com\/web\/?p=7265"},"modified":"2023-07-10T13:42:45","modified_gmt":"2023-07-10T20:42:45","slug":"scjn-preve-discutir-falta-de-quorum-en-el-inai-a-casi-500-dias-de-paralisis","status":"publish","type":"post","link":"https:\/\/crucialnuevaepoca.com\/web\/2023\/07\/10\/scjn-preve-discutir-falta-de-quorum-en-el-inai-a-casi-500-dias-de-paralisis\/","title":{"rendered":"SCJN PREV\u00c9 DISCUTIR FALTA DE QU\u00d3RUM EN EL INAI A CASI 500 D\u00cdAS DE PAR\u00c1LISIS"},"content":{"rendered":"\n<p>El pleno de la Suprema Corte de Justicia de la Naci\u00f3n (SCJN) tiene previsto discutir en la sesi\u00f3n p\u00fablica convocada para este lunes la presunta omisi\u00f3n en la que ha incurrido el Senado de la Rep\u00fablica para designar a los tres integrantes faltantes del pleno del Instituto Nacional de Transparencia, Acceso a la Informaci\u00f3n y Protecci\u00f3n de Datos Personales (INAI). Lo que de facto tiene bloqueada su operaci\u00f3n ante la falta de qu\u00f3rum.<\/p>\n\n\n\n<p>La par\u00e1lisis en el INAI est\u00e1 pr\u00f3xima a cumplir 500 d\u00edas luego de que el Senado ha tardado 466 d\u00edas en nombrar a los reemplazos de los consejeros Rosendo Evgueni Monterrey y \u00d3scar Mauricio Guerra. Y otros 101 d\u00edas con la posterior salida del consejero Francisco Javier Acu\u00f1a.<\/p>\n\n\n\n<p>Esta es la tercera ocasi\u00f3n en menos de una semana que, la discusi\u00f3n de la controversia constitucional presentada ante la par\u00e1lisis generada en el INAI por la falta de qu\u00f3rum, se enlista en la orden del d\u00eda del tribunal. El martes y el jueves de la semana pasada a pesar de estar enlistada no fue discutida.<\/p>\n\n\n\n<p>La ministra Loretta Ortiz ha propuesto batear la controversia constitucional 280\/2023 promovida por el INAI argumentando que es \u00abparcialmente procedente\u00bb pero que, en realidad, no tiene fundamentos.<\/p>\n\n\n\n<p>Por lo que, en su proyecto de sentencia presentado ante el pleno para su discusi\u00f3n, la ministra propone declarar \u00abinexistente\u00bb cualquier tipo de omisi\u00f3n por parte del Senado a pesar de que han transcurrido casi 500 d\u00edas sin que el \u00f3rgano legislativo designe a tres nuevos consejeros del INAI.<\/p>\n\n\n\n<p>Esto luego de que en junio pasado el presidente de la Mesa Directiva del Senado, Alejandro Armenta, sostuvo en un escrito de contestaci\u00f3n a la demanda que la c\u00e1mara alta \u00abha iniciado y llevado a cabo todos los actos parlamentarios con el objeto de nombrar a las personas que deber\u00e1n formar parte del Pleno del INAI\u00bb pero que, sin embargo, dos nombramientos fueron objetados y un tercero no alcanz\u00f3 el porcentaje de votacici\u00f3n requerido.<\/p>\n\n\n\n<figure class=\"wp-block-image size-full\"><img fetchpriority=\"high\" decoding=\"async\" width=\"768\" height=\"479\" src=\"http:\/\/crucialnuevaepoca.com\/web\/wp-content\/uploads\/2023\/07\/DSC0006-2.jpg\" alt=\"\" class=\"wp-image-7266\" srcset=\"https:\/\/crucialnuevaepoca.com\/web\/wp-content\/uploads\/2023\/07\/DSC0006-2.jpg 768w, https:\/\/crucialnuevaepoca.com\/web\/wp-content\/uploads\/2023\/07\/DSC0006-2-300x187.jpg 300w\" sizes=\"(max-width: 768px) 100vw, 768px\" \/><\/figure>\n\n\n\n<p>\u00abEste Alto Tribunal considera que los conceptos de invalidez presentados por el Instituto actor son infundados por dos razones fundamentales. La primera es porque la doctrina relacionada con las omisiones legislativas desarrollada por la Suprema Corte de Justicia de la Naci\u00f3n no es aplicable a las designaciones que corresponden al Senado de la Rep\u00fablica. La segunda, ya que a diferencia de lo que sostiene la parte actora, se estima que, dada la naturaleza de este \u00f3rgano, s\u00ed es relevante tomar en cuenta las acciones que ha llevado a cabo para el proceso de designaci\u00f3n, toda vez que el resultado que alega se compone y es fruto de una serie de determinaciones que este Tribunal considera soberanas y discrecionales\u00bb, se lee al respecto en el proyecto de sentencia.<\/p>\n\n\n\n<p>Este lunes, paralelamente, organizaciones no gubernamentales e integrantes de la sociedad civil publicaron un escrito haciendo un llamado a los ministros de la SCJN para que voten en contra del proyecto de sentencia propuesto por la ministra Ortiz por considerarlo contrario al \u00abderecho humano a saber\u00bb.<\/p>\n\n\n\n<p>\u00abLes exigimos que no acompa\u00f1en el proyecto de sentencia de la ministra ponente Loretta Ortiz, toda vez que representa un retroceso democr\u00e1tico y vulnera los derechos de acceso a la informaci\u00f3n y protecci\u00f3n de datos personales\u00bb, argumentaron las 125 organizaciones y 485 integrantes de la sociedad civil.<\/p>\n\n\n\n<p>Insistieron que, de ser aprobado el proyecto de sentencia de la ministra Loretta Ortiz, el INAI quedar\u00eda imposibilitado para llevar a cabo de manera plena sus facultades y competencias.<\/p>\n\n\n\n<p>Entre las que recordaron que se encuentran:<\/p>\n\n\n\n<ol class=\"wp-block-list\">\n<li>Expedir y vigilar el cumplimiento de legislaciones sobre transparencia, derecho a la informaci\u00f3n y datos personales.<\/li>\n\n\n\n<li>Resolver los recursos de revisi\u00f3n que las personas presenten ante negativas de informaci\u00f3n.<\/li>\n\n\n\n<li>Interponer acciones en contra de leyes que vulneren los derechos de acceso a la informaci\u00f3n y protecci\u00f3n de datos personales, todo lo cual puede acarrear afectaciones serias a los derechos humanos de la ciudadan\u00eda.<\/li>\n<\/ol>\n\n\n\n<p>Adem\u00e1s sostuvieron que, el retraso en los nombramientos por parte del Senado, se suma a una serie de presuntas estrategias de opacidad urdidas desde el gobierno federal.<\/p>\n\n\n\n<p>\u00abEl contexto es grave, pues se registran m\u00faltiples estrategias de opacidad que limitan conocer el funcionamiento cotidiano del gobierno. El debilitamiento deliberado de un instituto central para eliminar la cultura del secreto del quehacer gubernamental tiene repercusiones directas en la vida de las personas. Cada minuto se toman decisiones que limitan el bienestar del pueblo, como negar y ocultar informaci\u00f3n que nos permitir\u00eda saber c\u00f3mo se ejercen los recursos p\u00fablicos que todas y todos pagamos o decisiones que nos afectan como sociedad\u00bb, argumentaron en el escritorio difundido horas antes de la sesi\u00f3n p\u00fablica del pleno de la SCJN.<\/p>\n","protected":false},"excerpt":{"rendered":"<p>El pleno de la Suprema Corte de Justicia de la Naci\u00f3n (SCJN) tiene previsto discutir en la sesi\u00f3n p\u00fablica convocada para este lunes la presunta omisi\u00f3n en la que ha incurrido el Senado de la Rep\u00fablica para designar a los tres integrantes faltantes del pleno del Instituto Nacional de Transparencia, Acceso a la Informaci\u00f3n y [&hellip;]<\/p>\n","protected":false},"author":2,"featured_media":7267,"comment_status":"open","ping_status":"open","sticky":false,"template":"","format":"standard","meta":{"footnotes":""},"categories":[28,93],"tags":[2044,268,2045,793,1530,269],"class_list":["post-7265","post","type-post","status-publish","format-standard","has-post-thumbnail","hentry","category-nacional","category-principales","tag-discusion","tag-inai","tag-nombramientos","tag-scjn","tag-suprema-corte-de-justicia-de-la-nacion","tag-transparencia"],"aioseo_notices":[],"_links":{"self":[{"href":"https:\/\/crucialnuevaepoca.com\/web\/wp-json\/wp\/v2\/posts\/7265","targetHints":{"allow":["GET"]}}],"collection":[{"href":"https:\/\/crucialnuevaepoca.com\/web\/wp-json\/wp\/v2\/posts"}],"about":[{"href":"https:\/\/crucialnuevaepoca.com\/web\/wp-json\/wp\/v2\/types\/post"}],"author":[{"embeddable":true,"href":"https:\/\/crucialnuevaepoca.com\/web\/wp-json\/wp\/v2\/users\/2"}],"replies":[{"embeddable":true,"href":"https:\/\/crucialnuevaepoca.com\/web\/wp-json\/wp\/v2\/comments?post=7265"}],"version-history":[{"count":1,"href":"https:\/\/crucialnuevaepoca.com\/web\/wp-json\/wp\/v2\/posts\/7265\/revisions"}],"predecessor-version":[{"id":7268,"href":"https:\/\/crucialnuevaepoca.com\/web\/wp-json\/wp\/v2\/posts\/7265\/revisions\/7268"}],"wp:featuredmedia":[{"embeddable":true,"href":"https:\/\/crucialnuevaepoca.com\/web\/wp-json\/wp\/v2\/media\/7267"}],"wp:attachment":[{"href":"https:\/\/crucialnuevaepoca.com\/web\/wp-json\/wp\/v2\/media?parent=7265"}],"wp:term":[{"taxonomy":"category","embeddable":true,"href":"https:\/\/crucialnuevaepoca.com\/web\/wp-json\/wp\/v2\/categories?post=7265"},{"taxonomy":"post_tag","embeddable":true,"href":"https:\/\/crucialnuevaepoca.com\/web\/wp-json\/wp\/v2\/tags?post=7265"}],"curies":[{"name":"wp","href":"https:\/\/api.w.org\/{rel}","templated":true}]}}