{"id":7423,"date":"2023-07-14T13:38:37","date_gmt":"2023-07-14T20:38:37","guid":{"rendered":"http:\/\/crucialnuevaepoca.com\/web\/?p=7423"},"modified":"2023-07-14T13:38:37","modified_gmt":"2023-07-14T20:38:37","slug":"cuen-lamento-la-sana-con-la-que-algunos-comunicadores-se-refieren-a-el","status":"publish","type":"post","link":"https:\/\/crucialnuevaepoca.com\/web\/2023\/07\/14\/cuen-lamento-la-sana-con-la-que-algunos-comunicadores-se-refieren-a-el\/","title":{"rendered":"CU\u00c9N LAMENT\u00d3, LA SA\u00d1A CON LA QUE ALGUNOS COMUNICADORES SE REFIEREN A \u00c9L"},"content":{"rendered":"\n<p>GOLPEAR AL PAS POR ENCIMA DEL DOLOR DE LOS SINALOENSES QUE MARCHARON POR LA PAZ NO TIENE NOMBRE: CU\u00c9N <\/p>\n\n\n\n<p>   <\/p>\n\n\n\n<p><strong>CULIAC\u00c1N, a viernes 14 de julio de 2023.- <\/strong> Ante las acusaciones de diversos medios de comunicaci\u00f3n, el <strong>presidente del <\/strong><a href=\"http:\/\/Partido Sinaloense (PAS), H\u00e9ctor Melesio Cu\u00e9n Ojeda,\"><strong>Partido Sinaloense (PAS), H\u00e9ctor Melesio Cu\u00e9n Ojeda<\/strong>,<\/a> dijo que para ser ir\u00f3nico se necesita ser inteligente y esto es porquer\u00eda, por lo que lanz\u00f3 la pregunta al periodista Alejandro Sicarios de la Revista Espejo -\u00bfPor qu\u00e9 no hablan con la verdad?- pues dijo, las recientes publicaciones sobre la Marcha por la Paz y la Concordia que se llev\u00f3 a cabo en el Culiac\u00e1n con la presencia de m\u00e1s de 20 mil asistentes, acusan y vinculan directamente a la UAS con el PAS.<\/p>\n\n\n\n<p>Referencia: (Texto extra\u00eddo de la revista Espejo)<\/p>\n\n\n\n<p><strong><em>\u201cLos indiciados acuden a la t\u00e1ctica de endosarle sus culpas al periodismo profesional, queriendo que est\u00e9 y no ellos, se siente en el banquillo de los acusados, lo corroboramos el viernes cuando difusores sin rostro y sin m\u00e1s raz\u00f3n que la cobard\u00eda indujeron una falsa conversaci\u00f3n de whats app, que comprometia directivos de Linea Directa, Los Noticieristas y Noroeste recibiendo instrucciones del gobierno de Sinaloa para no darle cobertura a las manifestaciones UAS-PAS\u201d.<\/em><\/strong><\/p>\n\n\n\n<p>Es en este sentido que, Cu\u00e9n Ojeda lament\u00f3, la sa\u00f1a con la que algunos comunicadores se refieren a \u00e9l, tanto a su persona, como a su familia, pues se\u00f1al\u00f3 que la marcha fue convocada ante la necesidad de la sociedad de hacerse escuchar y de hacer ver a los tres niveles de gobierno la incesante de la poblaci\u00f3n de encontrar la justica y la paz que tanto necesita Sinaloa.<\/p>\n\n\n\n<p><strong><em>\u201cLa convocatoria fue para una marcha, donde no hubo logos de partidos pol\u00edticos, y asistieron varios partidos pero sin logotipos, organizaciones no gubernamentales y tambi\u00e9n la gente dolida, la cual es mucha y por eso fueron m\u00e1s de 20 mil gentes\u201d asegur\u00f3 el dirigente.<\/em><\/strong><\/p>\n\n\n\n<p>El dirigente pasista, se mostr\u00f3 indignado ante los miles de ciudadanos por la violencia que actualmente impera en el estado, por eso la marcha fue tan concurrida, <strong><em>\u201cEsta gente est\u00e1 dolida en este momento, y por m\u00e1s que digan que no hay violencia, \u00a1Esto es una mentira!, sino preg\u00fantenle al ciudadano de a pie, al ciudadano com\u00fan y corriente\u201d, lament\u00f3.<\/em><\/strong><\/p>\n\n\n\n<p>As\u00ed mismo, Cu\u00e9n Ojeda, detall\u00f3 aprovecho para exigir que sean estos mismos medios quien muestren pruebas sobre lo que mencionan en sus p\u00e1ginas y en sus columnas, d\u00f3nde calumnian sin mostrar fotos o evidencias, ya que la marcha fue expl\u00edcitamente en contra de la violencia.<\/p>\n\n\n\n<p><strong><em>\u201cLa marcha fue por Max un artista profesional, lo que le paso a la Reina de las Ciruelas de Agua caliente, lo que le ha pasado a muchos periodistas en el estado, y a much\u00edsima gente y por su puesto la familia de Alejo Valenzuela la cual exige que se presente a los culpables\u201d, finaliz\u00f3.<\/em><\/strong><\/p>\n","protected":false},"excerpt":{"rendered":"<p>GOLPEAR AL PAS POR ENCIMA DEL DOLOR DE LOS SINALOENSES QUE MARCHARON POR LA PAZ NO TIENE NOMBRE: CU\u00c9N CULIAC\u00c1N, a viernes 14 de julio de 2023.- Ante las acusaciones de diversos medios de comunicaci\u00f3n, el presidente del Partido Sinaloense (PAS), H\u00e9ctor Melesio Cu\u00e9n Ojeda, dijo que para ser ir\u00f3nico se necesita ser inteligente y [&hellip;]<\/p>\n","protected":false},"author":4,"featured_media":7424,"comment_status":"open","ping_status":"open","sticky":false,"template":"","format":"standard","meta":{"footnotes":""},"categories":[27,93],"tags":[263,379],"class_list":["post-7423","post","type-post","status-publish","format-standard","has-post-thumbnail","hentry","category-local","category-principales","tag-hector-melesio-cuen-ojeda","tag-pas"],"aioseo_notices":[],"_links":{"self":[{"href":"https:\/\/crucialnuevaepoca.com\/web\/wp-json\/wp\/v2\/posts\/7423","targetHints":{"allow":["GET"]}}],"collection":[{"href":"https:\/\/crucialnuevaepoca.com\/web\/wp-json\/wp\/v2\/posts"}],"about":[{"href":"https:\/\/crucialnuevaepoca.com\/web\/wp-json\/wp\/v2\/types\/post"}],"author":[{"embeddable":true,"href":"https:\/\/crucialnuevaepoca.com\/web\/wp-json\/wp\/v2\/users\/4"}],"replies":[{"embeddable":true,"href":"https:\/\/crucialnuevaepoca.com\/web\/wp-json\/wp\/v2\/comments?post=7423"}],"version-history":[{"count":1,"href":"https:\/\/crucialnuevaepoca.com\/web\/wp-json\/wp\/v2\/posts\/7423\/revisions"}],"predecessor-version":[{"id":7425,"href":"https:\/\/crucialnuevaepoca.com\/web\/wp-json\/wp\/v2\/posts\/7423\/revisions\/7425"}],"wp:featuredmedia":[{"embeddable":true,"href":"https:\/\/crucialnuevaepoca.com\/web\/wp-json\/wp\/v2\/media\/7424"}],"wp:attachment":[{"href":"https:\/\/crucialnuevaepoca.com\/web\/wp-json\/wp\/v2\/media?parent=7423"}],"wp:term":[{"taxonomy":"category","embeddable":true,"href":"https:\/\/crucialnuevaepoca.com\/web\/wp-json\/wp\/v2\/categories?post=7423"},{"taxonomy":"post_tag","embeddable":true,"href":"https:\/\/crucialnuevaepoca.com\/web\/wp-json\/wp\/v2\/tags?post=7423"}],"curies":[{"name":"wp","href":"https:\/\/api.w.org\/{rel}","templated":true}]}}