{"id":7563,"date":"2023-07-22T09:45:28","date_gmt":"2023-07-22T16:45:28","guid":{"rendered":"http:\/\/crucialnuevaepoca.com\/web\/?p=7563"},"modified":"2023-07-22T09:45:29","modified_gmt":"2023-07-22T16:45:29","slug":"es-una-ocurrencia-el-juicio-contra-ministros-luis-maria-aguilar","status":"publish","type":"post","link":"https:\/\/crucialnuevaepoca.com\/web\/2023\/07\/22\/es-una-ocurrencia-el-juicio-contra-ministros-luis-maria-aguilar\/","title":{"rendered":"ES \u00abUNA OCURRENCIA\u00bb EL JUICIO CONTRA MINISTROS: LUIS MAR\u00cdA AGUILAR"},"content":{"rendered":"\n<p>La solicitud presentada por Morena en la C\u00e1mara de Diputados para iniciar un juicio pol\u00edtico en contra de los integrantes de la Suprema Corte de Justicia de la Naci\u00f3n (SCJN) es \u201cuna ocurrencia sin sentido\u201d, asegur\u00f3 el ministro Luis Mar\u00eda Aguilar Morales.<\/p>\n\n\n\n<p>\u201cNo tiene caso darle vuelo a una ocurrencia sin sentido. Perd\u00f3n, pero no tiene caso\u201d, dijo el ministro Aguilar Morales.<\/p>\n\n\n\n<p>El mi\u00e9rcoles pasado, un grupo de diputados de Morena present\u00f3 una solicitud formal de juicio pol\u00edtico en contra de la ministra presidenta Norma Pi\u00f1a y sus compa\u00f1eros Luis Mar\u00eda Aguilar Morales, Mario Pardo Rebolledo, Alfredo Guti\u00e9rrez, Alberto P\u00e9rez Day\u00e1n, Javier Laynez Potisek, Juan Luis Gonz\u00e1lez Alc\u00e1ntara Carranc\u00e1, Margarita R\u00edos Farjat, Yasm\u00edn Esquivel, Loretta Ortiz y Arturo Zald\u00edvar.<\/p>\n\n\n\n<p>El documento de 18 hojas que fue turnado a la Subcomisi\u00f3n de Examen Previo de la C\u00e1mara de Diputados para su an\u00e1lisis, expone que la solicitud de juicio pol\u00edtico en contra de todo el Pleno de la SCJN se fundamenta en el art\u00edculo 7 de la Ley Federal de Responsabilidades de los Servidores P\u00fablicos.<\/p>\n\n\n\n<p>Los morenistas argumentan que los ministros violan dicho art\u00edculo por la sentencia emitida por el Pleno el 19 de julio de 2019 en contra de la Ley Federal de Remuneraciones de los Servidores P\u00fablicos, en la que avalaron que algunos servidores p\u00fablicos ganen m\u00e1s que el Presidente.<\/p>\n\n\n\n<p>Para Francisco Burgoa, especialista en Derecho Constitucional, el argumento de la solicitud de juicio pol\u00edtico es anacr\u00f3nico, ya que en los art\u00edculos transitorios de esa Ley Federal de Remuneraciones se estableci\u00f3 que los servidores p\u00fablicos que se encontraban en el ejercicio de sus funciones al momento de su promulgaci\u00f3n \u2014como es el caso de los ministros\u2014 no se les podr\u00edan reducir sus sueldos, por lo que considera que la solicitud no prosperar\u00e1.<\/p>\n\n\n\n<p>\u201cEllos saben que no va a prosperar porque no tienen los votos, para empezar, en la secci\u00f3n instructora (la Subcomisi\u00f3n de Examen Previo) y aunque llegaran al pleno de la C\u00e1mara de Diputados, donde s\u00ed tendr\u00edan los votos necesarios, de cualquier forma en el Senado se requiere una mayor\u00eda calificada (de tres cuartas partes de los legisladores), en donde la oposici\u00f3n de ninguna manera les dar\u00eda los votos para que pudieran prosperar\u201d, coment\u00f3.<\/p>\n\n\n\n<p>El tambi\u00e9n catedr\u00e1tico de la Universidad Nacional Aut\u00f3noma de M\u00e9xico consider\u00f3 que m\u00e1s all\u00e1 de llevar a los ministros de la Corte a la instancia de juicio pol\u00edtico, que se traduce en destituirlos e inhabilitarlos para ejercer cargos p\u00fablicos por hasta 20 a\u00f1os, se trata de un instrumento discursivo y de amedrentamiento para continuar con los ataques a la SCJN.<\/p>\n\n\n\n<p>\u201cEsto es parte de esta campa\u00f1a en contra del actual conformaci\u00f3n de la Suprema Corte dado que desde que lleg\u00f3 la ministra Norma Pi\u00f1a a asumir la presidencia ha habido una mayor independencia, misma que se ve en los fallos que no le han gustado al Presidente de la Rep\u00fablica ni a Morena precisamente porque la Corte ha asumido el pleno ejercicio de sus funciones con el fin muy espec\u00edfico de defender la Constituci\u00f3n\u201d, afirm\u00f3.<\/p>\n\n\n\n<p>Adem\u00e1s, record\u00f3 que hay otras solicitudes de juicios pol\u00edticos pendientes, las que incluyen al fiscal general de la Rep\u00fablica, Alejandro Gertz Manero; al subsecretario de Salud, Hugo L\u00f3pez-Gatell, e incluso al propio presidente Andr\u00e9s Manuel L\u00f3pez Obrador.<\/p>\n","protected":false},"excerpt":{"rendered":"<p>La solicitud presentada por Morena en la C\u00e1mara de Diputados para iniciar un juicio pol\u00edtico en contra de los integrantes de la Suprema Corte de Justicia de la Naci\u00f3n (SCJN) es \u201cuna ocurrencia sin sentido\u201d, asegur\u00f3 el ministro Luis Mar\u00eda Aguilar Morales. \u201cNo tiene caso darle vuelo a una ocurrencia sin sentido. Perd\u00f3n, pero no [&hellip;]<\/p>\n","protected":false},"author":2,"featured_media":7564,"comment_status":"open","ping_status":"open","sticky":false,"template":"","format":"standard","meta":{"footnotes":""},"categories":[28,93],"tags":[2099,2098,2096,2097,208,2100,793,1530],"class_list":["post-7563","post","type-post","status-publish","format-standard","has-post-thumbnail","hentry","category-nacional","category-principales","tag-diputados-federales","tag-jueces","tag-juicio-politico","tag-luis-maria-aguilar","tag-morena","tag-ocurrencia","tag-scjn","tag-suprema-corte-de-justicia-de-la-nacion"],"aioseo_notices":[],"_links":{"self":[{"href":"https:\/\/crucialnuevaepoca.com\/web\/wp-json\/wp\/v2\/posts\/7563","targetHints":{"allow":["GET"]}}],"collection":[{"href":"https:\/\/crucialnuevaepoca.com\/web\/wp-json\/wp\/v2\/posts"}],"about":[{"href":"https:\/\/crucialnuevaepoca.com\/web\/wp-json\/wp\/v2\/types\/post"}],"author":[{"embeddable":true,"href":"https:\/\/crucialnuevaepoca.com\/web\/wp-json\/wp\/v2\/users\/2"}],"replies":[{"embeddable":true,"href":"https:\/\/crucialnuevaepoca.com\/web\/wp-json\/wp\/v2\/comments?post=7563"}],"version-history":[{"count":1,"href":"https:\/\/crucialnuevaepoca.com\/web\/wp-json\/wp\/v2\/posts\/7563\/revisions"}],"predecessor-version":[{"id":7565,"href":"https:\/\/crucialnuevaepoca.com\/web\/wp-json\/wp\/v2\/posts\/7563\/revisions\/7565"}],"wp:featuredmedia":[{"embeddable":true,"href":"https:\/\/crucialnuevaepoca.com\/web\/wp-json\/wp\/v2\/media\/7564"}],"wp:attachment":[{"href":"https:\/\/crucialnuevaepoca.com\/web\/wp-json\/wp\/v2\/media?parent=7563"}],"wp:term":[{"taxonomy":"category","embeddable":true,"href":"https:\/\/crucialnuevaepoca.com\/web\/wp-json\/wp\/v2\/categories?post=7563"},{"taxonomy":"post_tag","embeddable":true,"href":"https:\/\/crucialnuevaepoca.com\/web\/wp-json\/wp\/v2\/tags?post=7563"}],"curies":[{"name":"wp","href":"https:\/\/api.w.org\/{rel}","templated":true}]}}